{"id":34690,"date":"2020-05-28T09:30:48","date_gmt":"2020-05-28T15:30:48","guid":{"rendered":"http:\/\/www.radiodigitaltamazunchale.com\/landing\/?p=34690"},"modified":"2020-05-28T09:30:50","modified_gmt":"2020-05-28T15:30:50","slug":"estamos-en-peligro-de-crear-una-generacion-de-la-cuarentena-advierte-la-oit","status":"publish","type":"post","link":"http:\/\/www.radiodigitaltamazunchale.com\/landing\/uncategorized\/estamos-en-peligro-de-crear-una-generacion-de-la-cuarentena-advierte-la-oit\/","title":{"rendered":"Estamos en peligro de crear una &#8216;generaci\u00f3n de la cuarentena&#8217;, advierte la OIT"},"content":{"rendered":"\n<p>Debido a la crisis sanitaria, los j\u00f3venes enfrentan un &#8216;golpe triple&#8217;: destrucci\u00f3n de su empleo, transtornos a su capacitaci\u00f3n y educaci\u00f3n, y obst\u00e1culos para ascender o incorporarse al trabajo.<\/p>\n\n\n\n<p>M\u00e1s de uno de cada seis&nbsp;<strong>trabajadores j\u00f3venes&nbsp;<\/strong>han dejado de trabajar durante la pandemia de COVID-19, inform\u00f3 este mi\u00e9rcoles la organizaci\u00f3n laboral de la ONU, y advirti\u00f3 sobre las consecuencias a largo plazo de crear una&nbsp;<strong>\u201cgeneraci\u00f3n de la cuarentena\u201d<\/strong>&nbsp;si no se toman medidas para paliar la crisis.<\/p>\n\n\n\n<p>La Organizaci\u00f3n Internacional del Trabajo (OIT), en la cuarta edici\u00f3n de su informe sobre las consecuencias laborales de la pandemia, dijo que se han perdido horas de trabajo equivalentes a 305 millones de empleos de tiempo completo debido a la crisis del COVID-19.<\/p>\n\n\n\n<p>La regi\u00f3n m\u00e1s afectada, seg\u00fan el informe, es el&nbsp;<strong>continente americano<\/strong>, actual epicentro de la pandemia.<\/p>\n\n\n\n<p>El director general de la OIT, Guy Ryder, advirti\u00f3 del \u201cpeligro\u201d que enfrentan sobre todo los trabajadores de 15 a 28 a\u00f1os dada la falta de acceso a la capacitaci\u00f3n o a empleos que se podr\u00eda extender durante una gran parte de su carrera laboral.<\/p>\n\n\n\n<p><strong>\u201cEl hecho es que los han expulsado de sus trabajos\u201d<\/strong>, dijo acerca de los j\u00f3venes que han dejado de trabajar. \u201cExiste el peligro de la exclusi\u00f3n a largo plazo. Est\u00e1n bien documentadas las secuelas que sufren los j\u00f3venes excluidos del mercado laboral en el principio de sus carreras\u00bb.<\/p>\n\n\n\n<p>\u201cPor eso no me parece exagerado hablar del peligro de una generaci\u00f3n de la cuarentena\u201d, advirti\u00f3 Ryder.<\/p>\n\n\n\n<p>De los que conservan el empleo, casi uno de cada cuatro,&nbsp;<strong>el 23 por ciento, han sufrido la reducci\u00f3n de la jornada laboral<\/strong>, a\u00f1adi\u00f3 la OIT. Los j\u00f3venes enfrentan un \u201cgolpe triple\u201d: la destrucci\u00f3n de su empleo, los trastornos a su capacitaci\u00f3n y educaci\u00f3n y los obst\u00e1culos para ascender o siquiera incorporarse a las filas del trabajo.<\/p>\n\n\n\n<p>\u201cCorremos el riesgo de crear una situaci\u00f3n \u2014en esta suerte de instant\u00e1nea de la pandemia\u2014 que tendr\u00e1 consecuencias duraderas\u201d, manifest\u00f3 Ryder en una conferencia de prensa virtual desde la sede de la OIT. \u201cMuchos j\u00f3venes quedar\u00e1n relegados\u201d.<\/p>\n\n\n\n<p>\u201cY el peligro es \u2014y nuevamente es la lecci\u00f3n de experiencias pasadas\u2014 que este golpe inicial a los j\u00f3venes dure una d\u00e9cada o m\u00e1s de una d\u00e9cada\u201d, explic\u00f3 Ryder. \u201cAfectar\u00e1 la trayectoria de los trabajadores, de los trabajadores j\u00f3venes, durante toda su vida laboral\u201d.<\/p>\n\n\n\n<p>La OIT manifest\u00f3 que los gobiernos pueden tomar medidas para mitigar las consecuencias, por ejemplo con \u201cgarant\u00edas\u201d para proteger el empleo y la capacitaci\u00f3n y con medidas de \u201ctesteo y rastreo\u201d del COVID-19 para mejorar la seguridad en el lugar de trabajo y hacer que la gente regrese a trabajar con mayor rapidez y seguridad&#8230;<\/p>\n\n\n\n<p>INFORMACI\u00d3N; EL FINANCIERO  <\/p>\n","protected":false},"excerpt":{"rendered":"<p>Debido a la crisis sanitaria, los j\u00f3venes enfrentan un &#8216;golpe triple&#8217;: destrucci\u00f3n de su empleo, transtornos a su capacitaci\u00f3n y<\/p>\n","protected":false},"author":1,"featured_media":34691,"comment_status":"open","ping_status":"open","sticky":false,"template":"","format":"standard","meta":[],"categories":[1],"tags":[],"_links":{"self":[{"href":"http:\/\/www.radiodigitaltamazunchale.com\/landing\/wp-json\/wp\/v2\/posts\/34690"}],"collection":[{"href":"http:\/\/www.radiodigitaltamazunchale.com\/landing\/wp-json\/wp\/v2\/posts"}],"about":[{"href":"http:\/\/www.radiodigitaltamazunchale.com\/landing\/wp-json\/wp\/v2\/types\/post"}],"author":[{"embeddable":true,"href":"http:\/\/www.radiodigitaltamazunchale.com\/landing\/wp-json\/wp\/v2\/users\/1"}],"replies":[{"embeddable":true,"href":"http:\/\/www.radiodigitaltamazunchale.com\/landing\/wp-json\/wp\/v2\/comments?post=34690"}],"version-history":[{"count":1,"href":"http:\/\/www.radiodigitaltamazunchale.com\/landing\/wp-json\/wp\/v2\/posts\/34690\/revisions"}],"predecessor-version":[{"id":34692,"href":"http:\/\/www.radiodigitaltamazunchale.com\/landing\/wp-json\/wp\/v2\/posts\/34690\/revisions\/34692"}],"wp:featuredmedia":[{"embeddable":true,"href":"http:\/\/www.radiodigitaltamazunchale.com\/landing\/wp-json\/wp\/v2\/media\/34691"}],"wp:attachment":[{"href":"http:\/\/www.radiodigitaltamazunchale.com\/landing\/wp-json\/wp\/v2\/media?parent=34690"}],"wp:term":[{"taxonomy":"category","embeddable":true,"href":"http:\/\/www.radiodigitaltamazunchale.com\/landing\/wp-json\/wp\/v2\/categories?post=34690"},{"taxonomy":"post_tag","embeddable":true,"href":"http:\/\/www.radiodigitaltamazunchale.com\/landing\/wp-json\/wp\/v2\/tags?post=34690"}],"curies":[{"name":"wp","href":"https:\/\/api.w.org\/{rel}","templated":true}]}}