{"id":34716,"date":"2020-05-28T07:49:39","date_gmt":"2020-05-28T13:49:39","guid":{"rendered":"http:\/\/www.radiodigitaltamazunchale.com\/landing\/?p=34716"},"modified":"2020-05-29T07:54:03","modified_gmt":"2020-05-29T13:54:03","slug":"stps-anuncia-ampliacion-de-feria-del-empleo-virtual-2020","status":"publish","type":"post","link":"http:\/\/www.radiodigitaltamazunchale.com\/landing\/uncategorized\/stps-anuncia-ampliacion-de-feria-del-empleo-virtual-2020\/","title":{"rendered":"STPS ANUNCIA AMPLIACI\u00d3N DE FERIA DEL EMPLEO VIRTUAL 2020"},"content":{"rendered":"\n<p>Derivado de la alta demanda y el inter\u00e9s mostrado por empresas reclutadoras y buscadores de empleo, la Secretar\u00eda del Trabajo y Previsi\u00f3n Social (STPS), ampliar\u00e1 hasta este viernes 29 de mayo la Feria del Empleo Virtual 2020, que desarrolla en coordinaci\u00f3n con la Universidad Aut\u00f3noma de San Luis Potos\u00ed (UASLP) a trav\u00e9s del Servicio Nacional de Empleo, inform\u00f3 Manuel Lozano Nieto, titular de la dependencia.<\/p>\n\n\n\n<p>El funcionario estatal dijo que, el evento result\u00f3 ser sumamente efectivo, pues la muestra m\u00e1s clara fue la alta participaci\u00f3n de empresas que se conectaron para realizar entrevistas virtuales a las y los aspirantes.<\/p>\n\n\n\n<p>\u201cLa extensi\u00f3n de la feria al viernes 29 de mayo, fue originada por la alta demanda que desde el inicio registr\u00f3 este evento, por lo que agradezco a la m\u00e1xima casa de estudios su disposici\u00f3n, as\u00ed como a las y los empresarios y p\u00fablico en general que respondi\u00f3 con una alta participaci\u00f3n\u201d, explic\u00f3 el Secretario del trabajo.<\/p>\n\n\n\n<p>El funcionario detall\u00f3 que el horario de la Feria del empleo Virtual para este viernes es de 8:00 a 16:00 horas, y que el esquema de participaci\u00f3n es semejante al utilizado este 28 de mayo, por lo que sigui\u00f3 invitando a la participaci\u00f3n ciudadana de aquellos y aquellas que pretenden insertarse al sector productivo de San Luis Potos\u00ed, a trav\u00e9s de este evento de vinculaci\u00f3n.<\/p>\n","protected":false},"excerpt":{"rendered":"<p>Derivado de la alta demanda y el inter\u00e9s mostrado por empresas reclutadoras y buscadores de empleo, la Secretar\u00eda del Trabajo<\/p>\n","protected":false},"author":2,"featured_media":34717,"comment_status":"open","ping_status":"open","sticky":false,"template":"","format":"standard","meta":[],"categories":[1],"tags":[],"_links":{"self":[{"href":"http:\/\/www.radiodigitaltamazunchale.com\/landing\/wp-json\/wp\/v2\/posts\/34716"}],"collection":[{"href":"http:\/\/www.radiodigitaltamazunchale.com\/landing\/wp-json\/wp\/v2\/posts"}],"about":[{"href":"http:\/\/www.radiodigitaltamazunchale.com\/landing\/wp-json\/wp\/v2\/types\/post"}],"author":[{"embeddable":true,"href":"http:\/\/www.radiodigitaltamazunchale.com\/landing\/wp-json\/wp\/v2\/users\/2"}],"replies":[{"embeddable":true,"href":"http:\/\/www.radiodigitaltamazunchale.com\/landing\/wp-json\/wp\/v2\/comments?post=34716"}],"version-history":[{"count":1,"href":"http:\/\/www.radiodigitaltamazunchale.com\/landing\/wp-json\/wp\/v2\/posts\/34716\/revisions"}],"predecessor-version":[{"id":34718,"href":"http:\/\/www.radiodigitaltamazunchale.com\/landing\/wp-json\/wp\/v2\/posts\/34716\/revisions\/34718"}],"wp:featuredmedia":[{"embeddable":true,"href":"http:\/\/www.radiodigitaltamazunchale.com\/landing\/wp-json\/wp\/v2\/media\/34717"}],"wp:attachment":[{"href":"http:\/\/www.radiodigitaltamazunchale.com\/landing\/wp-json\/wp\/v2\/media?parent=34716"}],"wp:term":[{"taxonomy":"category","embeddable":true,"href":"http:\/\/www.radiodigitaltamazunchale.com\/landing\/wp-json\/wp\/v2\/categories?post=34716"},{"taxonomy":"post_tag","embeddable":true,"href":"http:\/\/www.radiodigitaltamazunchale.com\/landing\/wp-json\/wp\/v2\/tags?post=34716"}],"curies":[{"name":"wp","href":"https:\/\/api.w.org\/{rel}","templated":true}]}}