{"id":34932,"date":"2020-05-30T16:48:00","date_gmt":"2020-05-30T22:48:00","guid":{"rendered":"http:\/\/www.radiodigitaltamazunchale.com\/landing\/?p=34932"},"modified":"2020-06-01T16:49:30","modified_gmt":"2020-06-01T22:49:30","slug":"llaman-al-presidente-de-la-republica-a-que-no-reinicie-sus-giras-representan-un-riesgo-para-la-salud-de-la-poblacion","status":"publish","type":"post","link":"http:\/\/www.radiodigitaltamazunchale.com\/landing\/uncategorized\/llaman-al-presidente-de-la-republica-a-que-no-reinicie-sus-giras-representan-un-riesgo-para-la-salud-de-la-poblacion\/","title":{"rendered":"LLAMAN AL PRESIDENTE DE LA REP\u00daBLICA A QUE NO REINICIE SUS GIRAS: REPRESENTAN UN RIESGO PARA LA SALUD DE LA POBLACI\u00d3N."},"content":{"rendered":"\n<p><strong>ES UNA IRRESPONSABILIDAD REINICIAR GIRAS, CUANDO LA PANDEMIA DEL COVID-19 REGISTRA SU PICO M\u00c1S ALTO POR CONTAGIOS Y MUERTES: DIP. H\u00c9CTOR MAURICIO RAM\u00cdREZ KONISHI.<\/strong><\/p>\n\n\n\n<p>El presidente de la Rep\u00fablica, Andr\u00e9s Manuel L\u00f3pez Obrador no debe reiniciar sus giras de trabajo que anunci\u00f3 para el fin de semana, debido a que representan un riesgo para la salud de la poblaci\u00f3n ante la pandemia del COVID-19, que a\u00fan no se logra controlar en el pa\u00eds y, diariamente registra m\u00e1s personas contagiadas y muertes, se\u00f1al\u00f3 el diputado Mauricio Ram\u00edrez Konishi.<\/p>\n\n\n\n<p>El legislador refiri\u00f3 que se tiene conocimiento que la intenci\u00f3n del Presidente de la Rep\u00fablica de reanudar irresponsablemente sus giras por el pa\u00eds, quiere arrancar la pr\u00f3xima semana en el sureste del pa\u00eds para arrancar las obras del Tren Maya. \u201cEsos eventos, se convertir\u00e1n en puntos potenciales de contagio por COVID-19\u201d, advirti\u00f3.<\/p>\n\n\n\n<p>Consider\u00f3 que \u201caunque se apliquen las medidas de prevenci\u00f3n, el coronavirus puede propagarse entre su propio equipo de trabajo y la poblaci\u00f3n\u201d.<\/p>\n\n\n\n<p>Por ello, \u201cllamamos a la sensatez al Presidente, y que por el bien de los mexicanos, no reinicie sus giras hasta que la pandemia est\u00e9 verdaderamente controlada. En&nbsp; estos momentos nos encontramos en el mayor pico de contagios y decesos. Ning\u00fan gobernante responsable en el mundo deber\u00eda pensar en salir a reactivar sus giras con n\u00fameros altos de decesos y contagios, en este momento las prioridades son controlar y realmente aplanar la curva\u201d.<\/p>\n\n\n\n<p>El legislador Ram\u00edrez Konishi, sostuvo que es momento de redoblar el esfuerzo por cumplir con el tema de la sana distancia. Los pa\u00edses que realmente han dominado la curva, lo han hecho fundamentalmente con la implementaci\u00f3n de un confinamiento muy riguroso.<\/p>\n\n\n\n<p>Sostuvo que es necesario tener presente que \u201cya estamos colocados en el octavo lugar del mundo en n\u00famero de muertes por COVID-19, pero vamos escalando lugares muy r\u00e1pido, en materia de letalidad estamos colocados en s\u00e9ptimo lugar\u201d.<\/p>\n\n\n\n<p>Reiter\u00f3 que reanudar giras de parte del Presidente de M\u00e9xico es un mensaje muy equivocado para la poblaci\u00f3n en el pa\u00eds. \u201cEstamos rebasando desgraciadamente, por mucho, la estad\u00edstica calculada por el subsecretario de Salud, Hugo L\u00f3pez-Gatell. Por eso, le hacemos un llamado para que sensibilice al presidente y evite la gira, o que cuando menos, no expongan a los integrantes que son poblaci\u00f3n de mayor riesgo\u201d.<\/p>\n","protected":false},"excerpt":{"rendered":"<p>ES UNA IRRESPONSABILIDAD REINICIAR GIRAS, CUANDO LA PANDEMIA DEL COVID-19 REGISTRA SU PICO M\u00c1S ALTO POR CONTAGIOS Y MUERTES: DIP.<\/p>\n","protected":false},"author":1,"featured_media":34933,"comment_status":"open","ping_status":"open","sticky":false,"template":"","format":"standard","meta":[],"categories":[1],"tags":[],"_links":{"self":[{"href":"http:\/\/www.radiodigitaltamazunchale.com\/landing\/wp-json\/wp\/v2\/posts\/34932"}],"collection":[{"href":"http:\/\/www.radiodigitaltamazunchale.com\/landing\/wp-json\/wp\/v2\/posts"}],"about":[{"href":"http:\/\/www.radiodigitaltamazunchale.com\/landing\/wp-json\/wp\/v2\/types\/post"}],"author":[{"embeddable":true,"href":"http:\/\/www.radiodigitaltamazunchale.com\/landing\/wp-json\/wp\/v2\/users\/1"}],"replies":[{"embeddable":true,"href":"http:\/\/www.radiodigitaltamazunchale.com\/landing\/wp-json\/wp\/v2\/comments?post=34932"}],"version-history":[{"count":1,"href":"http:\/\/www.radiodigitaltamazunchale.com\/landing\/wp-json\/wp\/v2\/posts\/34932\/revisions"}],"predecessor-version":[{"id":34934,"href":"http:\/\/www.radiodigitaltamazunchale.com\/landing\/wp-json\/wp\/v2\/posts\/34932\/revisions\/34934"}],"wp:featuredmedia":[{"embeddable":true,"href":"http:\/\/www.radiodigitaltamazunchale.com\/landing\/wp-json\/wp\/v2\/media\/34933"}],"wp:attachment":[{"href":"http:\/\/www.radiodigitaltamazunchale.com\/landing\/wp-json\/wp\/v2\/media?parent=34932"}],"wp:term":[{"taxonomy":"category","embeddable":true,"href":"http:\/\/www.radiodigitaltamazunchale.com\/landing\/wp-json\/wp\/v2\/categories?post=34932"},{"taxonomy":"post_tag","embeddable":true,"href":"http:\/\/www.radiodigitaltamazunchale.com\/landing\/wp-json\/wp\/v2\/tags?post=34932"}],"curies":[{"name":"wp","href":"https:\/\/api.w.org\/{rel}","templated":true}]}}