{"id":34960,"date":"2020-06-02T08:30:40","date_gmt":"2020-06-02T14:30:40","guid":{"rendered":"http:\/\/www.radiodigitaltamazunchale.com\/landing\/?p=34960"},"modified":"2020-06-02T08:30:41","modified_gmt":"2020-06-02T14:30:41","slug":"murio-a-los-81-anos-el-primer-actor-hector-suarez","status":"publish","type":"post","link":"http:\/\/www.radiodigitaltamazunchale.com\/landing\/uncategorized\/murio-a-los-81-anos-el-primer-actor-hector-suarez\/","title":{"rendered":"Muri\u00f3 a los 81 a\u00f1os el primer actor H\u00e9ctor Su\u00e1rez"},"content":{"rendered":"\n<p>Confirma en redes sociales H\u00e9ctor Su\u00e1rez Gom\u00eds la muerte de su padre, el primer actor H\u00e9ctor Su\u00e1rez<\/p>\n\n\n\n<p>Con profundo dolor, queremos compartir con ustedes el fallecimiento de\u00a0<strong>H\u00e9ctor Su\u00e1rez Hern\u00e1ndez<\/strong>. La familia Su\u00e1rez, les pedimos que por favor comprendan este momento de gran tristeza que estamos viviendo y tambi\u00e9n esperamos que puedan respetar nuestro duelo\u201d, escribi\u00f3 la familia del actor.<\/p>\n\n\n\n<p>En un\u00a0<a rel=\"noreferrer noopener\" href=\"https:\/\/twishort.com\/X8Nnc\" target=\"_blank\">comunicado<\/a>\u00a0emitido por su viuda\u00a0<strong>Zara Calder\u00f3n<\/strong>\u00a0y sus hijos H\u00e9ctor Su\u00e1rez Gom\u00eds, Julieta Su\u00e1rez Gom\u00eds, Rodrigo Su\u00e1rez Calder\u00f3n e Isabella Su\u00e1rez Calder\u00f3n, se indic\u00f3 que en unos d\u00edas m\u00e1s conversaran con los medios, luego de \u201cprocesar este duelo\u201d.<\/p>\n\n\n\n<p>Para nosotros se va el pap\u00e1, el abuelo, el hermano, el esposo y no la figura p\u00fablica que merece todo el reconocimiento de la familia art\u00edstica y los medios de comunicaci\u00f3n\u201d, aseguraron.<\/p>\n\n\n\n<p>Luego de darse a conocer la noticia de la\u00a0<strong>muerte del primer actor a los 81 a\u00f1os<\/strong>, varios artistas y figuras p\u00fablicas han expresado sus condolencias a la familia&#8230;<\/p>\n\n\n\n<p>FUENTE DE INFORMARON:JOAQU\u00cdN LOPEZ D\u00d3RIGA <\/p>\n","protected":false},"excerpt":{"rendered":"<p>Confirma en redes sociales H\u00e9ctor Su\u00e1rez Gom\u00eds la muerte de su padre, el primer actor H\u00e9ctor Su\u00e1rez Con profundo dolor,<\/p>\n","protected":false},"author":1,"featured_media":34961,"comment_status":"open","ping_status":"open","sticky":false,"template":"","format":"standard","meta":[],"categories":[1],"tags":[],"_links":{"self":[{"href":"http:\/\/www.radiodigitaltamazunchale.com\/landing\/wp-json\/wp\/v2\/posts\/34960"}],"collection":[{"href":"http:\/\/www.radiodigitaltamazunchale.com\/landing\/wp-json\/wp\/v2\/posts"}],"about":[{"href":"http:\/\/www.radiodigitaltamazunchale.com\/landing\/wp-json\/wp\/v2\/types\/post"}],"author":[{"embeddable":true,"href":"http:\/\/www.radiodigitaltamazunchale.com\/landing\/wp-json\/wp\/v2\/users\/1"}],"replies":[{"embeddable":true,"href":"http:\/\/www.radiodigitaltamazunchale.com\/landing\/wp-json\/wp\/v2\/comments?post=34960"}],"version-history":[{"count":1,"href":"http:\/\/www.radiodigitaltamazunchale.com\/landing\/wp-json\/wp\/v2\/posts\/34960\/revisions"}],"predecessor-version":[{"id":34962,"href":"http:\/\/www.radiodigitaltamazunchale.com\/landing\/wp-json\/wp\/v2\/posts\/34960\/revisions\/34962"}],"wp:featuredmedia":[{"embeddable":true,"href":"http:\/\/www.radiodigitaltamazunchale.com\/landing\/wp-json\/wp\/v2\/media\/34961"}],"wp:attachment":[{"href":"http:\/\/www.radiodigitaltamazunchale.com\/landing\/wp-json\/wp\/v2\/media?parent=34960"}],"wp:term":[{"taxonomy":"category","embeddable":true,"href":"http:\/\/www.radiodigitaltamazunchale.com\/landing\/wp-json\/wp\/v2\/categories?post=34960"},{"taxonomy":"post_tag","embeddable":true,"href":"http:\/\/www.radiodigitaltamazunchale.com\/landing\/wp-json\/wp\/v2\/tags?post=34960"}],"curies":[{"name":"wp","href":"https:\/\/api.w.org\/{rel}","templated":true}]}}