{"id":35162,"date":"2020-06-07T07:33:12","date_gmt":"2020-06-07T13:33:12","guid":{"rendered":"http:\/\/www.radiodigitaltamazunchale.com\/landing\/?p=35162"},"modified":"2020-06-08T07:39:49","modified_gmt":"2020-06-08T13:39:49","slug":"regreso-a-clases-presenciales-sera-el-10-de-agosto-sujeto-a-lo-que-indique-el-semaforo-sanitario-sege","status":"publish","type":"post","link":"http:\/\/www.radiodigitaltamazunchale.com\/landing\/uncategorized\/regreso-a-clases-presenciales-sera-el-10-de-agosto-sujeto-a-lo-que-indique-el-semaforo-sanitario-sege\/","title":{"rendered":"REGRESO A CLASES PRESENCIALES SER\u00c1 EL 10 DE AGOSTO, SUJETO A LO QUE INDIQUE EL SEM\u00c1FORO SANITARIO: SEGE"},"content":{"rendered":"\n<p>\u00abEl viernes pasado concluyeron las clases a distancia del nivel de Educaci\u00f3n B\u00e1sica y comenzaron las vacaciones denominadas Verano Divertido\u00bb, as\u00ed lo mencion\u00f3 el Secretario de Educaci\u00f3n de Gobierno del Estado, Joel Ram\u00edrez D\u00edaz, qui\u00e9n indic\u00f3 adem\u00e1s que el regreso a clases ser\u00e1 el d\u00eda 10 de agosto de manera presencial para Preescolar, Primaria y Secundaria, pero que esta fecha es referencial y est\u00e1 sujeta a lo que indique el sem\u00e1foro sanitario.<\/p>\n\n\n\n<p>Explic\u00f3 que para las escuelas privadas, la fecha de t\u00e9rmino de los aprendizajes a distancia ser\u00e1 flexible de acuerdo al contexto y circunstancia de cada comunidad educativa, ya que los colegios, durante la contingencia han trabajado con plataformas y estrategias educativas propias.<\/p>\n\n\n\n<p>Ram\u00edrez Diaz, detall\u00f3 que dado que el calendario escolar hab\u00eda avanzado un m\u00ednimo del 73 por ciento en todo el pa\u00eds, la calificaci\u00f3n base ser\u00e1 un promedio de los 2 primeros trimestres, adem\u00e1s se aplicar\u00e1 una evaluaci\u00f3n diagn\u00f3stica y cursos remediales que servir\u00e1n para detectar y en su caso regularizar el nivel de aprovechamiento de los alumnos y se tomar\u00e1 en cuenta la carpeta de experiencias f\u00edsica u oral, la cual s\u00f3lo se utilizar\u00e1 para ayudar a los alumnos, nunca para perjudicar.<\/p>\n\n\n\n<p>\u00abAntes del regreso presencial a los planteles&nbsp; escolares se realizar\u00e1 una limpieza la cual ser\u00e1 coordinada por los Comit\u00e9s de Salud Participativa, y el uso de cubrebocas o pa\u00f1uelo ser\u00e1 obligatorio en los alumnos, se buscar\u00e1 que los alumnos mantengan la sana distancia y habr\u00e1 recreos escalonados en lugares fijos asignados, asistencia alternada a la escuela por apellido, durante el curso remedial, y la suspensi\u00f3n de cualquier tipo de ceremonias o reuniones\u00bb.<\/p>\n\n\n\n<p>Algunas de las&nbsp; medida de prevenci\u00f3n que se implementar\u00e1n, son: en educaci\u00f3n b\u00e1sica los Comit\u00e9s Participativos de Salud Escolar vigilar\u00e1n y llevar\u00e1n a cabo la limpieza de los planteles y salones del 3 al 5 de agosto, se implementar\u00e1n tres filtros de corresponsabilidad: casa, escuela, sal\u00f3n; medidas de higiene permanentes, y tambi\u00e9n se pedir\u00e1 una carta compromiso a los padres de familia donde informar\u00e1n que no hay personas con s\u00edntomas de enfermedades respiratorias en casa.<\/p>\n\n\n\n<p>Finalmente, el Secretario de Educaci\u00f3n, indic\u00f3 que si se llega a detectar un alumno contagiado de COVID 19, se cierra la escuela al menos 15 d\u00edas, a reserva de que las autoridades sanitarias autoricen su reapertura. En Educaci\u00f3n Media Superior y Superior, muchas de estas acciones ser\u00e1n replicadas y estar\u00e1n a cargo de los planteles y con el apoyo de los alumnos.<\/p>\n\n\n\n<p>La informaci\u00f3n completa puede consultarse en las redes sociales de la dependencia en Facebook: SEGE San Luis Potos\u00ed, twitter e instagram: @SEGESLP, adem\u00e1s de las p\u00e1ginas oficiales www.slp.coronavirus.gob.mx y www.seslp.gob.mx.<\/p>\n","protected":false},"excerpt":{"rendered":"<p>\u00abEl viernes pasado concluyeron las clases a distancia del nivel de Educaci\u00f3n B\u00e1sica y comenzaron las vacaciones denominadas Verano Divertido\u00bb,<\/p>\n","protected":false},"author":2,"featured_media":35163,"comment_status":"open","ping_status":"open","sticky":false,"template":"","format":"standard","meta":[],"categories":[1],"tags":[],"_links":{"self":[{"href":"http:\/\/www.radiodigitaltamazunchale.com\/landing\/wp-json\/wp\/v2\/posts\/35162"}],"collection":[{"href":"http:\/\/www.radiodigitaltamazunchale.com\/landing\/wp-json\/wp\/v2\/posts"}],"about":[{"href":"http:\/\/www.radiodigitaltamazunchale.com\/landing\/wp-json\/wp\/v2\/types\/post"}],"author":[{"embeddable":true,"href":"http:\/\/www.radiodigitaltamazunchale.com\/landing\/wp-json\/wp\/v2\/users\/2"}],"replies":[{"embeddable":true,"href":"http:\/\/www.radiodigitaltamazunchale.com\/landing\/wp-json\/wp\/v2\/comments?post=35162"}],"version-history":[{"count":1,"href":"http:\/\/www.radiodigitaltamazunchale.com\/landing\/wp-json\/wp\/v2\/posts\/35162\/revisions"}],"predecessor-version":[{"id":35164,"href":"http:\/\/www.radiodigitaltamazunchale.com\/landing\/wp-json\/wp\/v2\/posts\/35162\/revisions\/35164"}],"wp:featuredmedia":[{"embeddable":true,"href":"http:\/\/www.radiodigitaltamazunchale.com\/landing\/wp-json\/wp\/v2\/media\/35163"}],"wp:attachment":[{"href":"http:\/\/www.radiodigitaltamazunchale.com\/landing\/wp-json\/wp\/v2\/media?parent=35162"}],"wp:term":[{"taxonomy":"category","embeddable":true,"href":"http:\/\/www.radiodigitaltamazunchale.com\/landing\/wp-json\/wp\/v2\/categories?post=35162"},{"taxonomy":"post_tag","embeddable":true,"href":"http:\/\/www.radiodigitaltamazunchale.com\/landing\/wp-json\/wp\/v2\/tags?post=35162"}],"curies":[{"name":"wp","href":"https:\/\/api.w.org\/{rel}","templated":true}]}}