{"id":35246,"date":"2020-06-09T16:59:10","date_gmt":"2020-06-09T22:59:10","guid":{"rendered":"http:\/\/www.radiodigitaltamazunchale.com\/landing\/?p=35246"},"modified":"2020-06-09T16:59:12","modified_gmt":"2020-06-09T22:59:12","slug":"rechaza-diputado-edgardo-hernandez-acusaciones-emitidas-en-su-contra-en-un-desplegado","status":"publish","type":"post","link":"http:\/\/www.radiodigitaltamazunchale.com\/landing\/uncategorized\/rechaza-diputado-edgardo-hernandez-acusaciones-emitidas-en-su-contra-en-un-desplegado\/","title":{"rendered":"RECHAZA DIPUTADO EDGARDO HERN\u00c1NDEZ ACUSACIONES EMITIDAS EN SU CONTRA EN UN DESPLEGADO"},"content":{"rendered":"\n<p><strong>PRESENTA PRUEBAS DE QUE NO AUTORIZO NING\u00daN PERMISO A EMPRESAS DE SEGURIDAD PRIVADA DURANTE SU PASO EN LA SECRETAR\u00cdA DE SEGURIDAD P\u00daBLICA<\/strong><\/p>\n\n\n\n<p>El diputado Edgardo Hern\u00e1ndez Contreras, rechaz\u00f3 los se\u00f1alamientos que se hicieron en su contra a trav\u00e9s de un desplegado y asegur\u00f3 que no permitir\u00e1 que se manche su nombre ni su trayectoria en el servicio p\u00fablico.<\/p>\n\n\n\n<p>Aclar\u00f3 que no conoce a Gabriel Salazar Soto quien es implicado en un problema legal entre particulares ni tampoco le otorg\u00f3 contratos para una empresa de seguridad privada, cuando trabaj\u00f3 como funcionario en la Secretar\u00eda de Seguridad P\u00fablica.<\/p>\n\n\n\n<p>En conferencia de prensa, el legislador mostr\u00f3 sus nombramientos cuando estuvo como funcionario p\u00fablico y demostr\u00f3 que las fechas no coinciden con el contenido del desplegado, ya que los permisos que se se\u00f1alan se dieron en 2017 cuando \u00e9l ya no ocupaba cargos administrativos.<\/p>\n\n\n\n<p>\u201cUn servidor no pas\u00f3 una sola contrataci\u00f3n ni de un militar, ni de 200 ni de personas civiles, llegu\u00e9 como coordinador de Control y Gesti\u00f3n, no fui director administrativo y nunca pas\u00f3 por mis manos un contrato ni visto bueno y eso lo pueden comprobar en la Oficial\u00eda Mayor o en la misma Secretar\u00eda de Seguridad\u201d.<\/p>\n\n\n\n<p>El diputado Edgardo Hern\u00e1ndez se\u00f1al\u00f3 que \u201cniego total y rotundamente los se\u00f1alamientos que est\u00e1n vertidos contra mi persona y que buscan el protagonismo, por lo que hago responsables a la secretaria de Salud y al Secretario General de Gobierno del Estado de lo que me pueda ocurrir, porque seguir\u00e9 haciendo denuncias p\u00fablicas\u201d.<\/p>\n\n\n\n<p>Expuso que no tiene caso entrar al fondo del tema que se le se\u00f1ala en el desplegado porque las fechas en que se otorgaron los permisos a las empresas de seguridad privada no coinciden con su estad\u00eda en la Secretar\u00eda en alg\u00fan cargo relacionado a dar el visto bueno a esas empresas\u201d.<\/p>\n\n\n\n<p>Puntualiz\u00f3 que \u201cno voy a permitir que quieran mancillar mi nombre con comunicados sin sustento y reto a que se compruebe que plasm\u00e9 mi firma en lo que se se\u00f1ala injustamente. Aqu\u00ed estoy dando la cara, sal\u00ed de la Secretar\u00eda sin problemas y tambi\u00e9n de la PGR y estoy expuesto al escrutinio p\u00fablico\u201d.<\/p>\n\n\n\n<p>Aclar\u00f3 que no tiene elementos de seguridad personal que pertenezcan a la Secretar\u00eda de Seguridad y advirti\u00f3 que ha recibido amenazas serias por lo que tuene un amparo de protecci\u00f3n a la vida. Del representante de los polic\u00edas jubilados que firm\u00f3 el desplegado, se\u00f1al\u00f3 que \u201cpens\u00e9 que era otra persona, recta, un luchador social genuino\u201d.<\/p>\n","protected":false},"excerpt":{"rendered":"<p>PRESENTA PRUEBAS DE QUE NO AUTORIZO NING\u00daN PERMISO A EMPRESAS DE SEGURIDAD PRIVADA DURANTE SU PASO EN LA SECRETAR\u00cdA DE<\/p>\n","protected":false},"author":1,"featured_media":35247,"comment_status":"open","ping_status":"open","sticky":false,"template":"","format":"standard","meta":[],"categories":[1],"tags":[],"_links":{"self":[{"href":"http:\/\/www.radiodigitaltamazunchale.com\/landing\/wp-json\/wp\/v2\/posts\/35246"}],"collection":[{"href":"http:\/\/www.radiodigitaltamazunchale.com\/landing\/wp-json\/wp\/v2\/posts"}],"about":[{"href":"http:\/\/www.radiodigitaltamazunchale.com\/landing\/wp-json\/wp\/v2\/types\/post"}],"author":[{"embeddable":true,"href":"http:\/\/www.radiodigitaltamazunchale.com\/landing\/wp-json\/wp\/v2\/users\/1"}],"replies":[{"embeddable":true,"href":"http:\/\/www.radiodigitaltamazunchale.com\/landing\/wp-json\/wp\/v2\/comments?post=35246"}],"version-history":[{"count":1,"href":"http:\/\/www.radiodigitaltamazunchale.com\/landing\/wp-json\/wp\/v2\/posts\/35246\/revisions"}],"predecessor-version":[{"id":35248,"href":"http:\/\/www.radiodigitaltamazunchale.com\/landing\/wp-json\/wp\/v2\/posts\/35246\/revisions\/35248"}],"wp:featuredmedia":[{"embeddable":true,"href":"http:\/\/www.radiodigitaltamazunchale.com\/landing\/wp-json\/wp\/v2\/media\/35247"}],"wp:attachment":[{"href":"http:\/\/www.radiodigitaltamazunchale.com\/landing\/wp-json\/wp\/v2\/media?parent=35246"}],"wp:term":[{"taxonomy":"category","embeddable":true,"href":"http:\/\/www.radiodigitaltamazunchale.com\/landing\/wp-json\/wp\/v2\/categories?post=35246"},{"taxonomy":"post_tag","embeddable":true,"href":"http:\/\/www.radiodigitaltamazunchale.com\/landing\/wp-json\/wp\/v2\/tags?post=35246"}],"curies":[{"name":"wp","href":"https:\/\/api.w.org\/{rel}","templated":true}]}}