{"id":35302,"date":"2020-06-12T08:48:45","date_gmt":"2020-06-12T14:48:45","guid":{"rendered":"http:\/\/www.radiodigitaltamazunchale.com\/landing\/?p=35302"},"modified":"2020-06-12T08:48:46","modified_gmt":"2020-06-12T14:48:46","slug":"papa-francisco-crea-un-fondo-para-los-trabajadores-en-dificultad-a-causa-de-covid-19","status":"publish","type":"post","link":"http:\/\/www.radiodigitaltamazunchale.com\/landing\/uncategorized\/papa-francisco-crea-un-fondo-para-los-trabajadores-en-dificultad-a-causa-de-covid-19\/","title":{"rendered":"PAPA FRANCISCO CREA UN FONDO PARA LOS TRABAJADORES EN DIFICULTAD A CAUSA DE COVID-19"},"content":{"rendered":"\n<p><\/p>\n\n\n\n<p>En un comunicado enviado a su cardenal vicario, Angelo De Donatis. El Fondo \u00abJes\u00fas Obrero Divino\u00bb, con un primer mill\u00f3n de euros pagado a la C\u00e1ritas diocesana, quiere \u00abrecordar -escribe- la dignidad del trabajo\u00bb para ese \u00abgran grupo de trabajadores cotidianos y ocasionales\u00bb, los \u00abcon contratos de duraci\u00f3n determinada no renovable\u00bb, \u00ablos pagados por hora\u00bb y con un pensamiento -Francisco los enumera expl\u00edcitamente- a los pasantes, a los trabajadores dom\u00e9sticos, a los peque\u00f1os empresarios, a los trabajadores aut\u00f3nomos, especialmente a los de los sectores m\u00e1s afectados y a sus industrias afines. Entre ellos, se\u00f1al\u00f3, \u00abmuchos son padres y madres de familias que luchan laboriosamente por poner la mesa para sus hijos y garantizarles el m\u00ednimo necesario\u00bb.<\/p>\n\n\n\n<p>\u00abMe gusta pensar que podr\u00eda convertirse en una oportunidad para una verdadera alianza para Roma en la que todos, por su parte, se sientan protagonistas del renacimiento de nuestra comunidad despu\u00e9s de la crisis\u00bb.<\/p>\n\n\n\n<p>La creaci\u00f3n del Fondo es el paso de una Iglesia que conoce y comparte la inquietud de quienes hoy tienen m\u00e1s incertidumbres que otra cosa, que \u00abacompa\u00f1a a los d\u00e9biles con su caridad, y est\u00e1 dispuesta a colaborar con las instituciones de la ciudad y con todas las realidades sociales y econ\u00f3micas\u00bb. Y aqu\u00ed el Papa se dirige directamente a los representantes de la sociedad civil y del mundo del trabajo, \u00abllamados\u00bb, escribe, \u00aba escuchar esta petici\u00f3n y a transformarla en pol\u00edticas y acciones concretas para el bien de la ciudad\u00bb. Pol\u00edticas que \u00abprotegen\u00bb, sigue afirmando, \u00abespecialmente a quienes corren el riesgo de quedar excluidos de la protecci\u00f3n institucional y necesitan apoyo para acompa\u00f1arlos, hasta que puedan volver a caminar de forma aut\u00f3noma\u00bb.<\/p>\n","protected":false},"excerpt":{"rendered":"<p>En un comunicado enviado a su cardenal vicario, Angelo De Donatis. El Fondo \u00abJes\u00fas Obrero Divino\u00bb, con un primer mill\u00f3n<\/p>\n","protected":false},"author":1,"featured_media":35304,"comment_status":"open","ping_status":"open","sticky":false,"template":"","format":"standard","meta":[],"categories":[1],"tags":[],"_links":{"self":[{"href":"http:\/\/www.radiodigitaltamazunchale.com\/landing\/wp-json\/wp\/v2\/posts\/35302"}],"collection":[{"href":"http:\/\/www.radiodigitaltamazunchale.com\/landing\/wp-json\/wp\/v2\/posts"}],"about":[{"href":"http:\/\/www.radiodigitaltamazunchale.com\/landing\/wp-json\/wp\/v2\/types\/post"}],"author":[{"embeddable":true,"href":"http:\/\/www.radiodigitaltamazunchale.com\/landing\/wp-json\/wp\/v2\/users\/1"}],"replies":[{"embeddable":true,"href":"http:\/\/www.radiodigitaltamazunchale.com\/landing\/wp-json\/wp\/v2\/comments?post=35302"}],"version-history":[{"count":1,"href":"http:\/\/www.radiodigitaltamazunchale.com\/landing\/wp-json\/wp\/v2\/posts\/35302\/revisions"}],"predecessor-version":[{"id":35305,"href":"http:\/\/www.radiodigitaltamazunchale.com\/landing\/wp-json\/wp\/v2\/posts\/35302\/revisions\/35305"}],"wp:featuredmedia":[{"embeddable":true,"href":"http:\/\/www.radiodigitaltamazunchale.com\/landing\/wp-json\/wp\/v2\/media\/35304"}],"wp:attachment":[{"href":"http:\/\/www.radiodigitaltamazunchale.com\/landing\/wp-json\/wp\/v2\/media?parent=35302"}],"wp:term":[{"taxonomy":"category","embeddable":true,"href":"http:\/\/www.radiodigitaltamazunchale.com\/landing\/wp-json\/wp\/v2\/categories?post=35302"},{"taxonomy":"post_tag","embeddable":true,"href":"http:\/\/www.radiodigitaltamazunchale.com\/landing\/wp-json\/wp\/v2\/tags?post=35302"}],"curies":[{"name":"wp","href":"https:\/\/api.w.org\/{rel}","templated":true}]}}