{"id":35324,"date":"2020-06-12T17:51:42","date_gmt":"2020-06-12T23:51:42","guid":{"rendered":"http:\/\/www.radiodigitaltamazunchale.com\/landing\/?p=35324"},"modified":"2020-06-12T17:51:43","modified_gmt":"2020-06-12T23:51:43","slug":"exigimos-al-fge-federico-garza-herrera-que-actue-para-que-se-de-marcha-atras-en-la-decision-de-no-mantener-en-prision-preventiva-a-los-participantes-en-los-hechos-delictivos-del-pasado-5-de-junio","status":"publish","type":"post","link":"http:\/\/www.radiodigitaltamazunchale.com\/landing\/uncategorized\/exigimos-al-fge-federico-garza-herrera-que-actue-para-que-se-de-marcha-atras-en-la-decision-de-no-mantener-en-prision-preventiva-a-los-participantes-en-los-hechos-delictivos-del-pasado-5-de-junio\/","title":{"rendered":"EXIGIMOS AL FGE, FEDERICO GARZA HERRERA QUE ACT\u00daE PARA QUE SE D\u00c9 MARCHA ATR\u00c1S EN LA DECISI\u00d3N DE NO MANTENER EN PRISI\u00d3N PREVENTIVA A LOS PARTICIPANTES EN LOS HECHOS DELICTIVOS DEL PASADO 5 DE JUNIO."},"content":{"rendered":"\n<p><strong>SI EXISTEN LOS ELEMENTOS NECESARIOS LLEVAREMOS A JUICIO POL\u00cdTICO AL JUEZ QUE DECRET\u00d3 TAL ACCI\u00d3N: DIP. ROLDANDO HERVERT LARA.<\/strong><\/p>\n\n\n\n<p>El Congreso del Estado va a exigir, si es necesario hacerlo diariamente, que se reconsidere la decisi\u00f3n del juez de no mantener la prisi\u00f3n preventiva para los j\u00f3venes que fueron detenidos por los disturbios y destrozos ocasionados a la sede oficial del Poder Legislativo del pasado 5 de junio del 2020.<\/p>\n\n\n\n<p>As\u00ed lo se\u00f1al\u00f3 el diputado Rolando Hervert Lara, presidente de la Junta de Coordinaci\u00f3n Pol\u00edtica (JUCOPO) del Congreso del Estado, quien exigi\u00f3 al Fiscal General del Estado, Federico Garza Herrera que realmente act\u00fae y se castigue a quienes participaron en estos hechos.<\/p>\n\n\n\n<p>Inform\u00f3 que el Congreso del Estado ya present\u00f3 una apelaci\u00f3n contra la decisi\u00f3n del juez de no mantener en prisi\u00f3n preventiva a \u00e9stas personas a\u00fan y a pesar de que estaban dadas las condiciones legales para ello. Dijo, \u201cel Congreso del Estado analizar\u00e1 la actuaci\u00f3n del juez y si hay los elementos necesarios llevarlo a juicio pol\u00edtico, adem\u00e1s de presentar una queja en contra del Ministerio P\u00fablico por las fallas en la recaudaci\u00f3n de informaci\u00f3n\u201d.<\/p>\n\n\n\n<p>Puntualiz\u00f3 que estaban dadas las condiciones para poder evitar este acto violento contra el Poder Legislativo acontecido el pasado 5 de junio&nbsp; donde fue pisoteada la dignidad de las y los potosinos ante la falta de una adecuada revisi\u00f3n de los protocolos de seguridad por parte de la Secretar\u00eda de Seguridad P\u00fablica y de la Secretar\u00eda General de Gobierno, pero no ejercer mano dura contra los agresores puede ser el principio de una violaci\u00f3n a la paz social de San Luis Potos\u00ed.<\/p>\n\n\n\n<p>Hervert Lara exigi\u00f3, como ciudadano y como presidente de la Junta de Coordinaci\u00f3n Pol\u00edtica, que no se puede ni debe permitir que se le falte al respeto a un Poder del Estado, que aunado a la ola de cr\u00edmenes que se han cometido en nuestra entidad, pueda haber consecuencias graves si el gobierno da signos de debilidad.<\/p>\n\n\n\n<p>Remarc\u00f3 que los hechos delictivos del pasado 5 de junio no eran muestra de una manifestaci\u00f3n que exigiera la libertad de expresi\u00f3n, fue un acto pagado con la \u00fanica finalidad de delinquir.<\/p>\n\n\n\n<p>Precis\u00f3 que se debe dar una respuesta pronta de parte de la Fiscal\u00eda General del Estado y la pandemia por COVID-19, no debe ser pretexto para que ellos no hagan su trabajo como debe ser, hay grabaciones de video, hay testigos y existe la flagrancia.<\/p>\n\n\n\n<p><\/p>\n","protected":false},"excerpt":{"rendered":"<p>SI EXISTEN LOS ELEMENTOS NECESARIOS LLEVAREMOS A JUICIO POL\u00cdTICO AL JUEZ QUE DECRET\u00d3 TAL ACCI\u00d3N: DIP. ROLDANDO HERVERT LARA. El<\/p>\n","protected":false},"author":1,"featured_media":35325,"comment_status":"open","ping_status":"open","sticky":false,"template":"","format":"standard","meta":[],"categories":[1],"tags":[],"_links":{"self":[{"href":"http:\/\/www.radiodigitaltamazunchale.com\/landing\/wp-json\/wp\/v2\/posts\/35324"}],"collection":[{"href":"http:\/\/www.radiodigitaltamazunchale.com\/landing\/wp-json\/wp\/v2\/posts"}],"about":[{"href":"http:\/\/www.radiodigitaltamazunchale.com\/landing\/wp-json\/wp\/v2\/types\/post"}],"author":[{"embeddable":true,"href":"http:\/\/www.radiodigitaltamazunchale.com\/landing\/wp-json\/wp\/v2\/users\/1"}],"replies":[{"embeddable":true,"href":"http:\/\/www.radiodigitaltamazunchale.com\/landing\/wp-json\/wp\/v2\/comments?post=35324"}],"version-history":[{"count":1,"href":"http:\/\/www.radiodigitaltamazunchale.com\/landing\/wp-json\/wp\/v2\/posts\/35324\/revisions"}],"predecessor-version":[{"id":35326,"href":"http:\/\/www.radiodigitaltamazunchale.com\/landing\/wp-json\/wp\/v2\/posts\/35324\/revisions\/35326"}],"wp:featuredmedia":[{"embeddable":true,"href":"http:\/\/www.radiodigitaltamazunchale.com\/landing\/wp-json\/wp\/v2\/media\/35325"}],"wp:attachment":[{"href":"http:\/\/www.radiodigitaltamazunchale.com\/landing\/wp-json\/wp\/v2\/media?parent=35324"}],"wp:term":[{"taxonomy":"category","embeddable":true,"href":"http:\/\/www.radiodigitaltamazunchale.com\/landing\/wp-json\/wp\/v2\/categories?post=35324"},{"taxonomy":"post_tag","embeddable":true,"href":"http:\/\/www.radiodigitaltamazunchale.com\/landing\/wp-json\/wp\/v2\/tags?post=35324"}],"curies":[{"name":"wp","href":"https:\/\/api.w.org\/{rel}","templated":true}]}}