{"id":35340,"date":"2020-06-13T07:46:48","date_gmt":"2020-06-13T13:46:48","guid":{"rendered":"http:\/\/www.radiodigitaltamazunchale.com\/landing\/?p=35340"},"modified":"2020-06-13T07:46:49","modified_gmt":"2020-06-13T13:46:49","slug":"con-nueva-metodologia-gobierno-federal-ubica-a-slp-en-semaforo-naranja-por-covid-19","status":"publish","type":"post","link":"http:\/\/www.radiodigitaltamazunchale.com\/landing\/uncategorized\/con-nueva-metodologia-gobierno-federal-ubica-a-slp-en-semaforo-naranja-por-covid-19\/","title":{"rendered":"CON NUEVA METODOLOG\u00cdA, GOBIERNO FEDERAL UBICA A SLP EN SEM\u00c1FORO NARANJA POR COVID 19"},"content":{"rendered":"\n<p><\/p>\n\n\n\n<p><\/p>\n\n\n\n<p>\uf0b7 Representa un nivel de riesgo epid\u00e9mico alto, pero estabilidad en la tendencia de<br>pacientes de Covid-19 hospitalizados.<br>\uf0b7 Es indispensable continuar con la aplicaci\u00f3n de las medidas preventivas y de sana<br>distancia.<br>Con una nueva metodolog\u00eda de ponderaci\u00f3n, el Gobierno Federal ubic\u00f3 a San Luis Potos\u00ed<br>en color naranja, en el sem\u00e1foro por COVID-19 en M\u00e9xico, por lo que el Gobierno del<br>Estado, a trav\u00e9s de la Secretar\u00eda de Salud, pondr\u00e1 a consideraci\u00f3n del Consejo Estatal de<br>Seguridad en Salud y a las y los miembros del consejo de asesores, las medidas que esto<br>implica en dicha metodolog\u00eda, para que el pr\u00f3ximo jueves 18 de junio, se den a conocer<br>las adecuaciones que aplicar\u00edan a la entidad potosina de acuerdo a dicha estrategia.<br>El color naranja representa un nivel de riesgo epid\u00e9mico alto, pero estabilidad en la<br>tendencia de pacientes de Covid-19 hospitalizados, por lo que es indispensable continuar<br>con la aplicaci\u00f3n de las medidas preventivas y de sana distancia en el hogar, espacios<br>p\u00fablicos, transporte, centros laborales, entre otros.<br>La calificaci\u00f3n implica el inicio escalonado de algunas de las actividades sustantivas y<br>econ\u00f3micas, no as\u00ed el regreso a las actividades del espacio p\u00fablico consideradas como no<br>esenciales, escolares o recreativas.<br>Los indicadores a tomar en cuenta para la ponderaci\u00f3n del sem\u00e1foro de riesgo epid\u00e9mico<br>corresponden al porcentaje de ocupaci\u00f3n hospitalaria de Infecci\u00f3n Respiratoria Aguda<br>Grave, el porcentaje semanal de positividad a COVID-19, la tendencia temporal de casos<br>hospitalizados de Infecci\u00f3n Respiratoria Aguda Grave y la tendencia temporal del<br>s\u00edndrome COVID-19.<\/p>\n","protected":false},"excerpt":{"rendered":"<p>\uf0b7 Representa un nivel de riesgo epid\u00e9mico alto, pero estabilidad en la tendencia depacientes de Covid-19 hospitalizados.\uf0b7 Es indispensable continuar<\/p>\n","protected":false},"author":1,"featured_media":35342,"comment_status":"open","ping_status":"open","sticky":false,"template":"","format":"standard","meta":[],"categories":[1],"tags":[],"_links":{"self":[{"href":"http:\/\/www.radiodigitaltamazunchale.com\/landing\/wp-json\/wp\/v2\/posts\/35340"}],"collection":[{"href":"http:\/\/www.radiodigitaltamazunchale.com\/landing\/wp-json\/wp\/v2\/posts"}],"about":[{"href":"http:\/\/www.radiodigitaltamazunchale.com\/landing\/wp-json\/wp\/v2\/types\/post"}],"author":[{"embeddable":true,"href":"http:\/\/www.radiodigitaltamazunchale.com\/landing\/wp-json\/wp\/v2\/users\/1"}],"replies":[{"embeddable":true,"href":"http:\/\/www.radiodigitaltamazunchale.com\/landing\/wp-json\/wp\/v2\/comments?post=35340"}],"version-history":[{"count":1,"href":"http:\/\/www.radiodigitaltamazunchale.com\/landing\/wp-json\/wp\/v2\/posts\/35340\/revisions"}],"predecessor-version":[{"id":35343,"href":"http:\/\/www.radiodigitaltamazunchale.com\/landing\/wp-json\/wp\/v2\/posts\/35340\/revisions\/35343"}],"wp:featuredmedia":[{"embeddable":true,"href":"http:\/\/www.radiodigitaltamazunchale.com\/landing\/wp-json\/wp\/v2\/media\/35342"}],"wp:attachment":[{"href":"http:\/\/www.radiodigitaltamazunchale.com\/landing\/wp-json\/wp\/v2\/media?parent=35340"}],"wp:term":[{"taxonomy":"category","embeddable":true,"href":"http:\/\/www.radiodigitaltamazunchale.com\/landing\/wp-json\/wp\/v2\/categories?post=35340"},{"taxonomy":"post_tag","embeddable":true,"href":"http:\/\/www.radiodigitaltamazunchale.com\/landing\/wp-json\/wp\/v2\/tags?post=35340"}],"curies":[{"name":"wp","href":"https:\/\/api.w.org\/{rel}","templated":true}]}}