{"id":35368,"date":"2020-06-15T09:45:01","date_gmt":"2020-06-15T15:45:01","guid":{"rendered":"http:\/\/www.radiodigitaltamazunchale.com\/landing\/?p=35368"},"modified":"2020-06-15T09:46:50","modified_gmt":"2020-06-15T15:46:50","slug":"gobierno-oaxaqueno-pospone-la-guelaguetza-por-pandemia-hasta-diciembre","status":"publish","type":"post","link":"http:\/\/www.radiodigitaltamazunchale.com\/landing\/uncategorized\/gobierno-oaxaqueno-pospone-la-guelaguetza-por-pandemia-hasta-diciembre\/","title":{"rendered":"GOBIERNO OAXAQUE\u00d1O CONTIN\u00daA EN SEM\u00c1FORO ROJO Y POSPONE LA GUELAGUETZA HASTA NUEVO AVISO"},"content":{"rendered":"\n<p>-Posponen Fiestas de la Guelaguetza 2020 por seis meses<\/p>\n\n\n\n<p>El gobernador Alejandro Murat inform\u00f3 que la entidad a\u00fan contin\u00faa en sem\u00e1foro rojo ante la pandemia; eval\u00faa realizar la tradicional fiesta en diciembre.<\/p>\n\n\n\n<p>El gobernador de Oaxaca, Alejandro Murat, anunci\u00f3 oficialmente el aplazamiento de la tradicional fiesta de la Guelaguetza, prevista para finales de julio, ante la pandemia por coronavirus. \u00abHe decidido que se posponga la Guelaguetza y estaremos evaluando llevar a cabo actividades de Guelaguetza en el mes diciembre\u00bb, indic\u00f3 Murat en un video difundido en redes sociales. <\/p>\n\n\n\n<p>El gobernador explic\u00f3 que Oaxaca contin\u00faa esta semana en sem\u00e1foro rojo, es decir, que por elevado n\u00famero de contagios contin\u00faan limitadas las actividades productivas y solo funcionan aquellas esenciales. Inform\u00f3 que, si las condiciones lo permiten, esta importante fiesta de Oaxaca se aplazar\u00e1 para diciembre, y siempre que las condiciones sean favorables. Tambi\u00e9n sostuvo que espera en las pr\u00f3ximas semanas empezar una apertura gradual del sector tur\u00edstico. El estado suma al momento tres mil 078 contagios y 343 defunciones, siendo la regi\u00f3n de los Valles Centrales, donde se localiza la ciudad de Oaxaca, la mayor afectada por la pandemia. <\/p>\n\n\n\n<p><\/p>\n\n\n\n<p>Guelaguetza, fiesta tradicional desde 1932 El a\u00f1o pasado, la tradicional fiesta de la Guelaguetza gener\u00f3 una entrada econ\u00f3mica de m\u00e1s de 400 millones de pesos (unos 17,8 millones de d\u00f3lares). La fiesta -donde se presenta la m\u00fasica, el baile y el canto de las etnias oaxaque\u00f1as- tuvo lugar por primera vez en julio de 1932, como un homenaje racial por los 400 a\u00f1os de que Oaxaca recibi\u00f3 el rango de ciudad a trav\u00e9s de una c\u00e9dula real de la corona espa\u00f1ola. Tambi\u00e9n se hizo coincidir la festividad con las fiestas de la virgen del Carmen Alto, que sustituy\u00f3 a las deidades mixtecas y zapotecas como la diosa Cent\u00e9otl, que ahora tambi\u00e9n se reivindica en estas celebraciones. Desde esa fecha, la festividad de Oaxaca &#8211; que este a\u00f1o estaba prevista del 20 al 27 de julio- solo se hab\u00eda suspendido en 2006, durante el conflicto pol\u00edtico-social que mantuvo enfrentados al gobernador Ulises Ruiz Ortiz, del Partido Revolucionario Institucional (PRI), con la Asamblea Popular de los Pueblos de Oaxaca, de la cual formaban parte maestros sindicalizados que llevaron a cabo intensas propuestas. <\/p>\n","protected":false},"excerpt":{"rendered":"<p>-Posponen Fiestas de la Guelaguetza 2020 por seis meses El gobernador Alejandro Murat inform\u00f3 que la entidad a\u00fan contin\u00faa en<\/p>\n","protected":false},"author":1,"featured_media":35369,"comment_status":"open","ping_status":"open","sticky":false,"template":"","format":"standard","meta":[],"categories":[1],"tags":[],"_links":{"self":[{"href":"http:\/\/www.radiodigitaltamazunchale.com\/landing\/wp-json\/wp\/v2\/posts\/35368"}],"collection":[{"href":"http:\/\/www.radiodigitaltamazunchale.com\/landing\/wp-json\/wp\/v2\/posts"}],"about":[{"href":"http:\/\/www.radiodigitaltamazunchale.com\/landing\/wp-json\/wp\/v2\/types\/post"}],"author":[{"embeddable":true,"href":"http:\/\/www.radiodigitaltamazunchale.com\/landing\/wp-json\/wp\/v2\/users\/1"}],"replies":[{"embeddable":true,"href":"http:\/\/www.radiodigitaltamazunchale.com\/landing\/wp-json\/wp\/v2\/comments?post=35368"}],"version-history":[{"count":2,"href":"http:\/\/www.radiodigitaltamazunchale.com\/landing\/wp-json\/wp\/v2\/posts\/35368\/revisions"}],"predecessor-version":[{"id":35371,"href":"http:\/\/www.radiodigitaltamazunchale.com\/landing\/wp-json\/wp\/v2\/posts\/35368\/revisions\/35371"}],"wp:featuredmedia":[{"embeddable":true,"href":"http:\/\/www.radiodigitaltamazunchale.com\/landing\/wp-json\/wp\/v2\/media\/35369"}],"wp:attachment":[{"href":"http:\/\/www.radiodigitaltamazunchale.com\/landing\/wp-json\/wp\/v2\/media?parent=35368"}],"wp:term":[{"taxonomy":"category","embeddable":true,"href":"http:\/\/www.radiodigitaltamazunchale.com\/landing\/wp-json\/wp\/v2\/categories?post=35368"},{"taxonomy":"post_tag","embeddable":true,"href":"http:\/\/www.radiodigitaltamazunchale.com\/landing\/wp-json\/wp\/v2\/tags?post=35368"}],"curies":[{"name":"wp","href":"https:\/\/api.w.org\/{rel}","templated":true}]}}