{"id":35390,"date":"2020-06-13T17:08:00","date_gmt":"2020-06-13T23:08:00","guid":{"rendered":"http:\/\/www.radiodigitaltamazunchale.com\/landing\/?p=35390"},"modified":"2020-06-15T17:09:24","modified_gmt":"2020-06-15T23:09:24","slug":"este-domingo-cierra-convocatoria-para-el-programa-de-asesorias-para-empresas-negocios-y-proyectos-culturales-2020","status":"publish","type":"post","link":"http:\/\/www.radiodigitaltamazunchale.com\/landing\/uncategorized\/este-domingo-cierra-convocatoria-para-el-programa-de-asesorias-para-empresas-negocios-y-proyectos-culturales-2020\/","title":{"rendered":"ESTE DOMINGO CIERRA CONVOCATORIA PARA EL PROGRAMA DE ASESOR\u00cdAS PARA EMPRESAS, NEGOCIOS Y PROYECTOS CULTURALES 2020"},"content":{"rendered":"\n<p>El Secretario de Cultura, Armando Herrera Silva, inform\u00f3 que este domingo 14 de junio a las 20:00 horas, se cierra la convocatoria para inscribirse en el Programa de Asesor\u00edas para Empresas, Negocios y Proyectos Culturales 2020 que busca acercar especialistas para trabajar de la mano con profesionales del arte, creadoras, creadores, gestoras, gestores, promotoras y promotores culturales para fortalecer sus proyectos de negocio en etapa de dise\u00f1o o en curso en San Luis Potos\u00ed.<\/p>\n\n\n\n<p>Este programa que se realiza a trav\u00e9s del \u00e1rea de Proyectos Especiales de la Direcci\u00f3n General de Vinculaci\u00f3n Interinstitucional y la Direcci\u00f3n General de Desarrollo Cultural, consiste en apoyar 10 proyectos y trabajar de la mano de especialistas para encontrar las mejores estrategias comerciales para el mismo.<\/p>\n\n\n\n<p>Esta iniciativa est\u00e1 coordinada por Proyectos Especiales de la Direcci\u00f3n General de Vinculaci\u00f3n Interinstitucional, liderada por Alejandro Mendoza Villal\u00f3n qui\u00e9n actualmente es parte de la Secretar\u00eda de Cultura de San Luis Potos\u00ed, consultor de empresas y fundador del proyecto MERCADA (consultor\u00eda de negocios creativos), en conjunto con especialistas de diferentes \u00e1reas creativas, culturales y comerciales que compartir\u00e1n su experiencia y conocimiento con los proyectos seleccionados.<\/p>\n\n\n\n<p>Algunos de las y los especialistas que participar\u00e1n son: Josu\u00e9 de la Cruz Mendoza, Coordinador de Responsabilidad Social en Fundaci\u00f3n Cin\u00e9polis; Eduardo Cruz V\u00e1zquez, periodista, Coordinador del Grecu y Editor del sitio Paso libre; Teodoro Brice\u00f1o de la Parra, periodista, Especialista en Relaciones P\u00fablicas, Comunicaci\u00f3n e imagen, Director de la Consutor\u00eda teobp.com; Ernesto Piedras, Director General de The Competitive Intelligence Unit; Gustavo Prado, Creador del libro Mextilo, Director y fundador de trendo.mx plataforma de tendencias especializada en M\u00e9xico; Arturo Sastre, autor del libro \u201cArts and Marketing: Teor\u00eda de Mercadotecnia de las Artes.<\/p>\n\n\n\n<p>Se abordar\u00e1n temas como: definici\u00f3n de tu modelo de negocio, gesti\u00f3n de estrategias de promoci\u00f3n y venta, desarrollo de marca, dise\u00f1o de servicios, asesor\u00eda fiscal, relaciones p\u00fablicas, estructura organizacional, orientaci\u00f3n psicolog\u00eda en productividad, redes sociales y posicionamiento seo.<\/p>\n\n\n\n<p>Las propuestas seleccionadas se dar\u00e1n a conocer el jueves 18 de junio en la p\u00e1gina web de la Secretar\u00eda de Cultura de San Luis Potos\u00ed, as\u00ed como en sus redes sociales.<\/p>\n\n\n\n<p>Para consultar y revisar las bases visitar https:\/\/bit.ly\/2A003HW<\/p>\n\n\n\n<p>Para registrar empresa, negocio o proyecto cultural en https:\/\/forms.gle\/zycXVFDQUsoi38Zw6<\/p>\n\n\n\n<p>Las fechas de reprogramaci\u00f3n de actividades culturales de forma presencial se dar\u00e1n a conocer a trav\u00e9s de los distintos espacios con los que cuenta la Secretar\u00eda de Cultura en San Luis Potos\u00ed, como redes sociales institucionales, la App \u201cSLP Cultura\u201d disponible para dispositivos m\u00f3viles Android como iOS, y en medios de informaci\u00f3n y comunicaci\u00f3n.<\/p>\n","protected":false},"excerpt":{"rendered":"<p>El Secretario de Cultura, Armando Herrera Silva, inform\u00f3 que este domingo 14 de junio a las 20:00 horas, se cierra<\/p>\n","protected":false},"author":1,"featured_media":35391,"comment_status":"open","ping_status":"open","sticky":false,"template":"","format":"standard","meta":[],"categories":[1],"tags":[],"_links":{"self":[{"href":"http:\/\/www.radiodigitaltamazunchale.com\/landing\/wp-json\/wp\/v2\/posts\/35390"}],"collection":[{"href":"http:\/\/www.radiodigitaltamazunchale.com\/landing\/wp-json\/wp\/v2\/posts"}],"about":[{"href":"http:\/\/www.radiodigitaltamazunchale.com\/landing\/wp-json\/wp\/v2\/types\/post"}],"author":[{"embeddable":true,"href":"http:\/\/www.radiodigitaltamazunchale.com\/landing\/wp-json\/wp\/v2\/users\/1"}],"replies":[{"embeddable":true,"href":"http:\/\/www.radiodigitaltamazunchale.com\/landing\/wp-json\/wp\/v2\/comments?post=35390"}],"version-history":[{"count":1,"href":"http:\/\/www.radiodigitaltamazunchale.com\/landing\/wp-json\/wp\/v2\/posts\/35390\/revisions"}],"predecessor-version":[{"id":35392,"href":"http:\/\/www.radiodigitaltamazunchale.com\/landing\/wp-json\/wp\/v2\/posts\/35390\/revisions\/35392"}],"wp:featuredmedia":[{"embeddable":true,"href":"http:\/\/www.radiodigitaltamazunchale.com\/landing\/wp-json\/wp\/v2\/media\/35391"}],"wp:attachment":[{"href":"http:\/\/www.radiodigitaltamazunchale.com\/landing\/wp-json\/wp\/v2\/media?parent=35390"}],"wp:term":[{"taxonomy":"category","embeddable":true,"href":"http:\/\/www.radiodigitaltamazunchale.com\/landing\/wp-json\/wp\/v2\/categories?post=35390"},{"taxonomy":"post_tag","embeddable":true,"href":"http:\/\/www.radiodigitaltamazunchale.com\/landing\/wp-json\/wp\/v2\/tags?post=35390"}],"curies":[{"name":"wp","href":"https:\/\/api.w.org\/{rel}","templated":true}]}}