{"id":35421,"date":"2020-06-16T11:49:49","date_gmt":"2020-06-16T17:49:49","guid":{"rendered":"http:\/\/www.radiodigitaltamazunchale.com\/landing\/?p=35421"},"modified":"2020-06-16T11:51:03","modified_gmt":"2020-06-16T17:51:03","slug":"mexico-y-estados-unidos-extienden-30-dias-mas-restricciones-de-transito-no-esencial-en-la-frontera","status":"publish","type":"post","link":"http:\/\/www.radiodigitaltamazunchale.com\/landing\/uncategorized\/mexico-y-estados-unidos-extienden-30-dias-mas-restricciones-de-transito-no-esencial-en-la-frontera\/","title":{"rendered":"M\u00c9XICO Y ESTADOS UNIDOS EXTIENDEN 30 D\u00cdAS M\u00c1S RESTRICCIONES DE TR\u00c1NSITO NO ESENCIAL EN LA FRONTERA"},"content":{"rendered":"\n<p>Ambos pa\u00edses acordaron extender 30 d\u00edas m\u00e1s las restricciones de viajes terrestres no esenciales en su frontera com\u00fan para combatir la propagaci\u00f3n del COVID-19<\/p>\n\n\n\n<p>La\u00a0<strong>Secretar\u00eda de Relaciones Exteriores<\/strong>\u00a0(<strong>SRE<\/strong>) confirm\u00f3 que, en acuerdo con el Gobierno de\u00a0<strong>Estados Unidos<\/strong>, se acord\u00f3\u00a0<strong>extender<\/strong>, por 30 d\u00edas m\u00e1s, las\u00a0<strong>restricciones<\/strong>\u00a0al<strong>\u00a0tr\u00e1nsito terrestre no esencial<\/strong>\u00a0en su\u00a0<strong>frontera<\/strong>\u00a0com\u00fan.<\/p>\n\n\n\n<p>En un mensaje en redes sociales, se\u00f1al\u00f3 que la decisi\u00f3n se tom\u00f3 tras revisar el desarrollo de la propagaci\u00f3n del&nbsp;<strong>coronavirus COVID-19 en M\u00e9xico y en Estados Unidos.<\/strong><\/p>\n\n\n\n<p>Canciller\u00eda confirm\u00f3 que las restricciones se mantendr\u00e1n en los mismos t\u00e9rminos en que se han desarrollado desde su implementaci\u00f3n el 21 de marzo.<\/p>\n\n\n\n<p>\u201cAmbos pa\u00edses continuar\u00e1n buscando coordinar las medidas sanitarias en la regi\u00f3n fronteriza\u201d, se lee en el comunicado.<\/p>\n\n\n\n<p>\u201cLas medidas estar\u00e1n vigentes hasta el 21 de julio de 2020\u201d, expres\u00f3.<\/p>\n\n\n\n<p>Esta es la tercera ocasi\u00f3n en que ambas naciones restringen los cruces fronterizos por tierra en su frontera com\u00fan.<\/p>\n\n\n\n<p>Las restricciones establecidas no impiden el tr\u00e1nsito comercial de alimentos, de combustible, de equipos de atenci\u00f3n m\u00e9dica y de medicamentos.<\/p>\n\n\n\n<p>El 21 de marzo, M\u00e9xico y Estados Unidos cerraron sus fronteras para viajes no esenciales, es decir, aquellos con fines recreativos o tur\u00edsticos.<\/p>\n\n\n\n<p>Tambi\u00e9n han frenado los procesos migratorios abiertos en Estados Unidos, dejando, seg\u00fan denuncian ONG, a miles de migrantes varados en la frontera norte mexicana.<\/p>\n\n\n\n<p>Las restricciones establecidas no impiden el tr\u00e1nsito comercial de alimentos, de combustible, de equipos de atenci\u00f3n m\u00e9dica y de medicamentos por la frontera entre ambos pa\u00edses.<\/p>\n\n\n\n<p>La frontera de M\u00e9xico con Estados Unidos, que se extiende a lo largo de m\u00e1s de 3 mil kil\u00f3metros, es adem\u00e1s una de las m\u00e1s activas del mundo con m\u00e1s de un mill\u00f3n de personas que cruzan cada d\u00eda y se intercambian bienes y servicios por un valor de mil 700 millones de d\u00f3lares diarios.<\/p>\n\n\n\n<p><strong>M\u00e9xico<\/strong>&nbsp;suma al momento&nbsp;<strong>150 mil 264 contagios<\/strong>&nbsp;y 17 mil 580 muertes por<strong>&nbsp;COVID-19<\/strong>, mientras que&nbsp;<strong>Estados Unidos<\/strong>, epicentro de la pandemia a nivel mundial, suma 2 millones 118 mil 798 positivos y 116 mil 250 fallecidos, de acuerdo con el recuento independiente de la Universidad Johns Hopkins.<\/p>\n\n\n\n<p>FUENTE:  L\u00f3pez-D\u00f3riga Digital<\/p>\n","protected":false},"excerpt":{"rendered":"<p>Ambos pa\u00edses acordaron extender 30 d\u00edas m\u00e1s las restricciones de viajes terrestres no esenciales en su frontera com\u00fan para combatir<\/p>\n","protected":false},"author":2,"featured_media":35422,"comment_status":"open","ping_status":"open","sticky":false,"template":"","format":"standard","meta":[],"categories":[1],"tags":[],"_links":{"self":[{"href":"http:\/\/www.radiodigitaltamazunchale.com\/landing\/wp-json\/wp\/v2\/posts\/35421"}],"collection":[{"href":"http:\/\/www.radiodigitaltamazunchale.com\/landing\/wp-json\/wp\/v2\/posts"}],"about":[{"href":"http:\/\/www.radiodigitaltamazunchale.com\/landing\/wp-json\/wp\/v2\/types\/post"}],"author":[{"embeddable":true,"href":"http:\/\/www.radiodigitaltamazunchale.com\/landing\/wp-json\/wp\/v2\/users\/2"}],"replies":[{"embeddable":true,"href":"http:\/\/www.radiodigitaltamazunchale.com\/landing\/wp-json\/wp\/v2\/comments?post=35421"}],"version-history":[{"count":2,"href":"http:\/\/www.radiodigitaltamazunchale.com\/landing\/wp-json\/wp\/v2\/posts\/35421\/revisions"}],"predecessor-version":[{"id":35424,"href":"http:\/\/www.radiodigitaltamazunchale.com\/landing\/wp-json\/wp\/v2\/posts\/35421\/revisions\/35424"}],"wp:featuredmedia":[{"embeddable":true,"href":"http:\/\/www.radiodigitaltamazunchale.com\/landing\/wp-json\/wp\/v2\/media\/35422"}],"wp:attachment":[{"href":"http:\/\/www.radiodigitaltamazunchale.com\/landing\/wp-json\/wp\/v2\/media?parent=35421"}],"wp:term":[{"taxonomy":"category","embeddable":true,"href":"http:\/\/www.radiodigitaltamazunchale.com\/landing\/wp-json\/wp\/v2\/categories?post=35421"},{"taxonomy":"post_tag","embeddable":true,"href":"http:\/\/www.radiodigitaltamazunchale.com\/landing\/wp-json\/wp\/v2\/tags?post=35421"}],"curies":[{"name":"wp","href":"https:\/\/api.w.org\/{rel}","templated":true}]}}