{"id":35466,"date":"2020-06-17T17:14:41","date_gmt":"2020-06-17T23:14:41","guid":{"rendered":"http:\/\/www.radiodigitaltamazunchale.com\/landing\/?p=35466"},"modified":"2020-06-17T17:14:42","modified_gmt":"2020-06-17T23:14:42","slug":"alarmante-la-perdida-de-empleos-en-el-pais-como-consecuencia-de-la-emergencia-sanitaria-por-covid-19","status":"publish","type":"post","link":"http:\/\/www.radiodigitaltamazunchale.com\/landing\/uncategorized\/alarmante-la-perdida-de-empleos-en-el-pais-como-consecuencia-de-la-emergencia-sanitaria-por-covid-19\/","title":{"rendered":"ALARMANTE LA P\u00c9RDIDA DE EMPLEOS EN EL PA\u00cdS COMO CONSECUENCIA DE LA EMERGENCIA SANITARIA POR COVID-19."},"content":{"rendered":"\n<p><strong>URGENTE QUE LOS DIFERENTES NIVELES DE GOBIERNO REDOBLE ESFUERZOS PARA APOYAR AL SECTOR PRODUCTIVO: DIP. MARTHA BARAJAS GARC\u00cdA.<\/strong><\/p>\n\n\n\n<p>La diputada Martha Barajas Garc\u00eda, presidenta de la Comisi\u00f3n de Trabajo y Previsi\u00f3n Social del Congreso del Estado, manifest\u00f3 preocupaci\u00f3n por las cifras que reporta el Instituto Mexicano del Seguro Social (IMSS) sobre el desempleo como consecuencia de la emergencia sanitaria por el COVID-19, al confirmar que en los meses de marzo, abril y mayo se perdieron m\u00e1s de un mill\u00f3n de empleos formales en todo el pa\u00eds.<\/p>\n\n\n\n<p>La legisladora mencion\u00f3 que estas cifras son alarmantes, por lo que es necesario que se tomen acciones r\u00e1pidas y contundentes que permitan frenar la ca\u00edda del empleo, ya que seg\u00fan datos del Instituto Nacional de Estad\u00edstica y Geograf\u00eda (INEGI) la tasa de desocupaci\u00f3n pas\u00f3 de 1.7 a 4.7, situaci\u00f3n que se traduce en la vulneraci\u00f3n de los ingresos de los hogares mexicanos.<\/p>\n\n\n\n<p>Barajas Garc\u00eda, reitero el exhorto que hizo hace algunos d\u00edas para que los tres \u00f3rdenes de gobierno redoblen esfuerzos para la protecci\u00f3n de aparato productivo y esto permita contener el incremento de la tasa de desocupaci\u00f3n.<\/p>\n\n\n\n<p>Consider\u00f3 importante mencionar que las estad\u00edsticas no est\u00e1n considerando la afectaci\u00f3n que se est\u00e1 generando dentro de la propia informalidad, en esta \u00e1rea es necesario tambi\u00e9n prestar atenci\u00f3n.<\/p>\n\n\n\n<p>Por \u00faltimo, la diputada dijo que conf\u00eda en que la apertura de algunos sectores productivos con la nueva normalidad, permita que la reactivaci\u00f3n econ\u00f3mica ponga remedio a la crisis, pero tambi\u00e9n obliga a los gobiernos a redoblar esfuerzos en materia de salud p\u00fablica.<\/p>\n\n\n\n<p>\u201cEn este momento lo m\u00e1s importante es la salud y el bienestar de la poblaci\u00f3n, por lo que dijo que desde la Comisi\u00f3n de Trabajo y Previsi\u00f3n Social, se mantendr\u00e1 atenta ante cualquier situaci\u00f3n en vulnere a los trabajadores\u201d, finaliz\u00f3.<\/p>\n","protected":false},"excerpt":{"rendered":"<p>URGENTE QUE LOS DIFERENTES NIVELES DE GOBIERNO REDOBLE ESFUERZOS PARA APOYAR AL SECTOR PRODUCTIVO: DIP. MARTHA BARAJAS GARC\u00cdA. La diputada<\/p>\n","protected":false},"author":1,"featured_media":35467,"comment_status":"open","ping_status":"open","sticky":false,"template":"","format":"standard","meta":[],"categories":[1],"tags":[],"_links":{"self":[{"href":"http:\/\/www.radiodigitaltamazunchale.com\/landing\/wp-json\/wp\/v2\/posts\/35466"}],"collection":[{"href":"http:\/\/www.radiodigitaltamazunchale.com\/landing\/wp-json\/wp\/v2\/posts"}],"about":[{"href":"http:\/\/www.radiodigitaltamazunchale.com\/landing\/wp-json\/wp\/v2\/types\/post"}],"author":[{"embeddable":true,"href":"http:\/\/www.radiodigitaltamazunchale.com\/landing\/wp-json\/wp\/v2\/users\/1"}],"replies":[{"embeddable":true,"href":"http:\/\/www.radiodigitaltamazunchale.com\/landing\/wp-json\/wp\/v2\/comments?post=35466"}],"version-history":[{"count":1,"href":"http:\/\/www.radiodigitaltamazunchale.com\/landing\/wp-json\/wp\/v2\/posts\/35466\/revisions"}],"predecessor-version":[{"id":35468,"href":"http:\/\/www.radiodigitaltamazunchale.com\/landing\/wp-json\/wp\/v2\/posts\/35466\/revisions\/35468"}],"wp:featuredmedia":[{"embeddable":true,"href":"http:\/\/www.radiodigitaltamazunchale.com\/landing\/wp-json\/wp\/v2\/media\/35467"}],"wp:attachment":[{"href":"http:\/\/www.radiodigitaltamazunchale.com\/landing\/wp-json\/wp\/v2\/media?parent=35466"}],"wp:term":[{"taxonomy":"category","embeddable":true,"href":"http:\/\/www.radiodigitaltamazunchale.com\/landing\/wp-json\/wp\/v2\/categories?post=35466"},{"taxonomy":"post_tag","embeddable":true,"href":"http:\/\/www.radiodigitaltamazunchale.com\/landing\/wp-json\/wp\/v2\/tags?post=35466"}],"curies":[{"name":"wp","href":"https:\/\/api.w.org\/{rel}","templated":true}]}}