{"id":35482,"date":"2020-06-18T13:07:05","date_gmt":"2020-06-18T19:07:05","guid":{"rendered":"http:\/\/www.radiodigitaltamazunchale.com\/landing\/?p=35482"},"modified":"2020-06-18T13:07:06","modified_gmt":"2020-06-18T19:07:06","slug":"oms-ve-factible-una-vacuna-contra-covid-19-para-principios-de-2021","status":"publish","type":"post","link":"http:\/\/www.radiodigitaltamazunchale.com\/landing\/uncategorized\/oms-ve-factible-una-vacuna-contra-covid-19-para-principios-de-2021\/","title":{"rendered":"OMS VE FACTIBLE UNA VACUNA CONTRA COVID-19 PARA PRINCIPIOS DE 2021"},"content":{"rendered":"\n<h4>Seg\u00fan Mar\u00eda Neira, directora de Medio Ambiente, Cambio Clim\u00e1tico y Salud de la OMS, dijo que al organismo le corresponder\u00e1 \u00abcoordinar y arbitrar\u00bb la carrera por la vacuna<\/h4>\n\n\n\n<p>La directora de Medio Ambiente, Cambio Clim\u00e1tico y Salud de la&nbsp;<strong>Organizaci\u00f3n Mundial de la Salud<\/strong>&nbsp;(<strong>OMS<\/strong>), la espa\u00f1ola&nbsp;<strong>Mar\u00eda Neira<\/strong>, dijo este mi\u00e9rcoles que ve factible que la&nbsp;<strong>vacuna<\/strong>&nbsp;contra el&nbsp;<strong>coronavirus COVID-19<\/strong>&nbsp;llegue<strong>&nbsp;a principios de 2021<\/strong>&nbsp;y pidi\u00f3 que se fabrique y distribuya con \u201cequidad\u201d.<\/p>\n\n\n\n<p>\u201cLa fecha ser\u00eda primeros del a\u00f1o pr\u00f3ximo. Los optimistas dicen que antes de final de este a\u00f1o. Ojal\u00e1 tengan raz\u00f3n\u201d, indic\u00f3 Neira en la conferencia por videoconferencia \u201cCOVID-19: la encrucijada de la OMS\u201d, organizada por\u00a0<strong>Barcelona Tribuna<\/strong>.<\/p>\n\n\n\n<p>Seg\u00fan la experta, \u201ces fundamental el desarrollo de la vacuna, pero tambi\u00e9n asegurarse de que la fabricaci\u00f3n y la distribuci\u00f3n se producen con equidad\u201d.<\/p>\n\n\n\n<p>A la OMS, a\u00f1adi\u00f3, le corresponder\u00e1 \u201ccoordinar y arbitrar\u201d la carrera por la vacuna.<\/p>\n\n\n\n<p>Neira apunt\u00f3 que \u201cno solo podr\u00e1 beneficiar a los pa\u00edses que hayan pagado\u201d y record\u00f3 que habr\u00e1 subvenciones y la aportaci\u00f3n de donantes para aquellos en peor situaci\u00f3n para hacerse con vacunas.<\/p>\n\n\n\n<p>\u201cY todo esto, generando tambi\u00e9n claros beneficios econ\u00f3micos para las farmac\u00e9uticas\u201d, agreg\u00f3.<\/p>\n\n\n\n<p>A prop\u00f3sito del rebrote registrado en\u00a0<strong>China<\/strong>, explic\u00f3 que se investiga y que se ir\u00e1 comunicando \u201clo que se sepa\u201d.<\/p>\n\n\n\n<p>M\u00e1s all\u00e1, sobre la posibilidad de un rebrote global, Neira espera que no se produzca, aunque inst\u00f3 a protegerse al m\u00e1ximo: \u201cesperar lo peor para que luego sea lo mejor\u201d.<\/p>\n\n\n\n<p>Preguntada sobre si la OMS reaccion\u00f3 tarde al declarar la pandemia, Neira se\u00f1al\u00f3 que, al oficializarse la epidemia en China, en el resto del mundo solo hab\u00eda 80 casos confirmados y ninguna muerte.<\/p>\n\n\n\n<p>Al respecto, argument\u00f3 que entonces no era una pandemia con potencial mundial y, en ese sentido, \u201cno se lleg\u00f3 tarde\u201d.<\/p>\n\n\n\n<p>Al mismo tiempo, tras la alerta en China, el resto del mundo tuvo dos meses y medio para \u201cprepararse y responder\u201d, sobre todo teniendo en cuenta las medidas \u201cexcepcionales tomadas\u201d por&nbsp;<strong>Pek\u00edn<\/strong>, que incluso algunos calificaron de \u201ctotalitarias\u201d.<\/p>\n\n\n\n<p>En su opini\u00f3n \u201cpersonal\u201d, destac\u00f3, el gobierno chino \u201cno escondi\u00f3 nada\u201d y cree que, de haberlo hecho, \u201cel sistema lo hubiera detectado\u201d.<\/p>\n","protected":false},"excerpt":{"rendered":"<p>Seg\u00fan Mar\u00eda Neira, directora de Medio Ambiente, Cambio Clim\u00e1tico y Salud de la OMS, dijo que al organismo le corresponder\u00e1<\/p>\n","protected":false},"author":2,"featured_media":35483,"comment_status":"open","ping_status":"open","sticky":false,"template":"","format":"standard","meta":[],"categories":[1],"tags":[],"_links":{"self":[{"href":"http:\/\/www.radiodigitaltamazunchale.com\/landing\/wp-json\/wp\/v2\/posts\/35482"}],"collection":[{"href":"http:\/\/www.radiodigitaltamazunchale.com\/landing\/wp-json\/wp\/v2\/posts"}],"about":[{"href":"http:\/\/www.radiodigitaltamazunchale.com\/landing\/wp-json\/wp\/v2\/types\/post"}],"author":[{"embeddable":true,"href":"http:\/\/www.radiodigitaltamazunchale.com\/landing\/wp-json\/wp\/v2\/users\/2"}],"replies":[{"embeddable":true,"href":"http:\/\/www.radiodigitaltamazunchale.com\/landing\/wp-json\/wp\/v2\/comments?post=35482"}],"version-history":[{"count":1,"href":"http:\/\/www.radiodigitaltamazunchale.com\/landing\/wp-json\/wp\/v2\/posts\/35482\/revisions"}],"predecessor-version":[{"id":35484,"href":"http:\/\/www.radiodigitaltamazunchale.com\/landing\/wp-json\/wp\/v2\/posts\/35482\/revisions\/35484"}],"wp:featuredmedia":[{"embeddable":true,"href":"http:\/\/www.radiodigitaltamazunchale.com\/landing\/wp-json\/wp\/v2\/media\/35483"}],"wp:attachment":[{"href":"http:\/\/www.radiodigitaltamazunchale.com\/landing\/wp-json\/wp\/v2\/media?parent=35482"}],"wp:term":[{"taxonomy":"category","embeddable":true,"href":"http:\/\/www.radiodigitaltamazunchale.com\/landing\/wp-json\/wp\/v2\/categories?post=35482"},{"taxonomy":"post_tag","embeddable":true,"href":"http:\/\/www.radiodigitaltamazunchale.com\/landing\/wp-json\/wp\/v2\/tags?post=35482"}],"curies":[{"name":"wp","href":"https:\/\/api.w.org\/{rel}","templated":true}]}}