{"id":35493,"date":"2020-06-17T16:42:00","date_gmt":"2020-06-17T22:42:00","guid":{"rendered":"http:\/\/www.radiodigitaltamazunchale.com\/landing\/?p=35493"},"modified":"2020-06-18T16:43:17","modified_gmt":"2020-06-18T22:43:17","slug":"anuncia-esper-sulaiman-ruta-de-ciclismo-y-avistamiento-de-aves-en-la-zona-media","status":"publish","type":"post","link":"http:\/\/www.radiodigitaltamazunchale.com\/landing\/uncategorized\/anuncia-esper-sulaiman-ruta-de-ciclismo-y-avistamiento-de-aves-en-la-zona-media\/","title":{"rendered":"ANUNCIA ESPER SULAIM\u00c1N RUTA DE CICLISMO Y AVISTAMIENTO DE AVES EN LA ZONA MEDIA"},"content":{"rendered":"\n<ul><li><strong>Los nuevos productos se ligan a los ya existentes en la regi\u00f3n, con acompa\u00f1amiento de autoridades municipales, dijo el secretario de Turismo.<\/strong><\/li><\/ul>\n\n\n\n<p>Como parte del trabajo de reingenier\u00eda tur\u00edstica que realiza la Secretar\u00eda de Turismo (SECTUR), y con la finalidad de impulsar el crecimiento y desarrollo del sector en el estado, Arturo Esper Sulaim\u00e1n, titular de la dependencia, dio a conocer la creaci\u00f3n y pronta puesta en marcha de dos nuevas rutas en la Zona Media.<\/p>\n\n\n\n<p>El funcionario estatal explic\u00f3 que, uno de los productos que se activar\u00e1 es una ruta de ciclismo en Ciudad Fern\u00e1ndez, donde, en coordinaci\u00f3n con la directora del municipio Citlali Reyes Ju\u00e1rez, se ha logrado establecer un proyecto que partir\u00e1 del canal principal de la Media Luna y concluir\u00e1 en el museo de la Mezquita, con el objetivo de generar circuitos regionales orientados principalmente al turismo de naturaleza.<\/p>\n\n\n\n<p>Por su parte, la directora de Turismo de Ciudad Fern\u00e1ndez detall\u00f3 que, \u201cla ruta ciclista a la Mezquita se desarrolla en un entorno rural donde los principales atractivos son el agroturismo y la posibilidad de estar en contacto con la naturaleza; dentro de la ruta se podr\u00e1 visitar el museo, que muestra la cultura y forma de vivir de nuestros antepasados, tambi\u00e9n se podr\u00e1 hacer una parada en los monumentos hist\u00f3ricos ubicados en el ejido El Refugio y ah\u00ed disfrutar los t\u00edpicos elotes asados reci\u00e9n cortados\u201d.<\/p>\n\n\n\n<p>Reyes Ju\u00e1rez finalmente expres\u00f3 que, derivado de las caracter\u00edsticas agr\u00edcolas y citr\u00edcolas de Ciudad Fern\u00e1ndez, es que se trabaja este nuevo producto con apoyo de la Secretar\u00eda de Turismo, \u201cadem\u00e1s del producto natural que es la naranja, tenemos tomates, chiles jalape\u00f1os, hortalizas y alfalfa que impactan con sus colores, olores y paisajes, adem\u00e1s de que se puede aprovechar la cercan\u00eda con otros productos como la Media Luna\u201d.<\/p>\n\n\n\n<p>Arturo Esper Sulaim\u00e1n agreg\u00f3 que, la segunda ruta en la Zona Media es el avistamiento de aves migratorias, proyecto que se comenz\u00f3 a trabajar desde 2018 y que partir\u00e1 de las Grutas de la Catedral, en donde actualmente ya existe un trayecto trazado a cargo de Campamento Tlachtli, empresa dedicada al turismo de aventura y naturaleza; adem\u00e1s \u2013dijo- tambi\u00e9n se ha tenido un trabajo previo con el Instituto Potosino de Investigaci\u00f3n Cient\u00edfica y Tecnol\u00f3gica (IPICYT) quienes realizaron el estudio.&nbsp;<\/p>\n\n\n\n<p>Reiter\u00f3 que la Secretar\u00eda de Turismo nunca ha dejado de trabajar en la Zona Media ni en todo el estado \u201cno solo en temas de promoci\u00f3n sino en la creaci\u00f3n de nuevos productos, as\u00ed como en el cuidado de los sitios que permitan garantizar una afluencia acorde a la infraestructura con la que cuenta San Luis Potos\u00ed\u201d.<\/p>\n\n\n\n<p>Finalmente, el funcionario destac\u00f3 que la laguna de la Media Luna es de gran relevancia tur\u00edstica por sus cualidades tambi\u00e9n biol\u00f3gicas y arqueol\u00f3gicas; lugar conocido internacionalmente por ser un sitio apto para practicar el buceo y en el que se sigue trabajando, junto con las grutas de la catedral, en la misma regi\u00f3n, para potencializar de manera responsable los productos.&nbsp;<\/p>\n","protected":false},"excerpt":{"rendered":"<p>Los nuevos productos se ligan a los ya existentes en la regi\u00f3n, con acompa\u00f1amiento de autoridades municipales, dijo el secretario<\/p>\n","protected":false},"author":1,"featured_media":35494,"comment_status":"open","ping_status":"open","sticky":false,"template":"","format":"standard","meta":[],"categories":[1],"tags":[],"_links":{"self":[{"href":"http:\/\/www.radiodigitaltamazunchale.com\/landing\/wp-json\/wp\/v2\/posts\/35493"}],"collection":[{"href":"http:\/\/www.radiodigitaltamazunchale.com\/landing\/wp-json\/wp\/v2\/posts"}],"about":[{"href":"http:\/\/www.radiodigitaltamazunchale.com\/landing\/wp-json\/wp\/v2\/types\/post"}],"author":[{"embeddable":true,"href":"http:\/\/www.radiodigitaltamazunchale.com\/landing\/wp-json\/wp\/v2\/users\/1"}],"replies":[{"embeddable":true,"href":"http:\/\/www.radiodigitaltamazunchale.com\/landing\/wp-json\/wp\/v2\/comments?post=35493"}],"version-history":[{"count":1,"href":"http:\/\/www.radiodigitaltamazunchale.com\/landing\/wp-json\/wp\/v2\/posts\/35493\/revisions"}],"predecessor-version":[{"id":35495,"href":"http:\/\/www.radiodigitaltamazunchale.com\/landing\/wp-json\/wp\/v2\/posts\/35493\/revisions\/35495"}],"wp:featuredmedia":[{"embeddable":true,"href":"http:\/\/www.radiodigitaltamazunchale.com\/landing\/wp-json\/wp\/v2\/media\/35494"}],"wp:attachment":[{"href":"http:\/\/www.radiodigitaltamazunchale.com\/landing\/wp-json\/wp\/v2\/media?parent=35493"}],"wp:term":[{"taxonomy":"category","embeddable":true,"href":"http:\/\/www.radiodigitaltamazunchale.com\/landing\/wp-json\/wp\/v2\/categories?post=35493"},{"taxonomy":"post_tag","embeddable":true,"href":"http:\/\/www.radiodigitaltamazunchale.com\/landing\/wp-json\/wp\/v2\/tags?post=35493"}],"curies":[{"name":"wp","href":"https:\/\/api.w.org\/{rel}","templated":true}]}}