{"id":35496,"date":"2020-06-18T16:47:36","date_gmt":"2020-06-18T22:47:36","guid":{"rendered":"http:\/\/www.radiodigitaltamazunchale.com\/landing\/?p=35496"},"modified":"2020-06-18T16:47:37","modified_gmt":"2020-06-18T22:47:37","slug":"congreso-del-estado-trabaja-en-la-integracion-de-la-ley-del-centro-de-conciliacion-laboral","status":"publish","type":"post","link":"http:\/\/www.radiodigitaltamazunchale.com\/landing\/uncategorized\/congreso-del-estado-trabaja-en-la-integracion-de-la-ley-del-centro-de-conciliacion-laboral\/","title":{"rendered":"CONGRESO DEL ESTADO TRABAJA EN LA INTEGRACI\u00d3N DE LA LEY DEL CENTRO DE CONCILIACI\u00d3N LABORAL."},"content":{"rendered":"\n<p><strong>COMISI\u00d3N DEL TRABAJO Y PREVISI\u00d3N SOCIAL, INICIA ESTE CON MESAS DE AN\u00c1LISIS CON ESPECIALISTAS E INSTITUCIONES INVOLUCRADAS EN EL TEMA: DIP. MARTHA BARAJAS GARC\u00cdA.<\/strong><\/p>\n\n\n\n<p>La presidenta de la Comisi\u00f3n del Trabajo y Previsi\u00f3n Social del Congreso del Estado, diputada Martha Barajas Garc\u00eda, inform\u00f3 que este pr\u00f3ximo viernes a las 10 de la ma\u00f1ana se llevar\u00e1 a cabo el an\u00e1lisis y discusi\u00f3n de la iniciativa de la Ley del Centro de Conciliaci\u00f3n Laboral.<\/p>\n\n\n\n<p>La reuni\u00f3n se realizar\u00e1 junto con la Secretar\u00eda del Trabajo y Previsi\u00f3n Social del Estado, la cual podr\u00e1 seguirse a trav\u00e9s de la p\u00e1gina oficial del Congreso del Estado, <a href=\"http:\/\/congresosanluis.gob.mx\/multimedia\/sesiones-en-vivo\">http:\/\/congresosanluis.gob.mx\/multimedia\/sesiones-en-vivo<\/a>.<\/p>\n\n\n\n<p>La presidenta de la comisi\u00f3n inform\u00f3 que los trabajos para la discusi\u00f3n de la Ley se llevar\u00e1n a cabo en cuatro m\u00f3dulos, siendo el 19 de junio a las 10 de la ma\u00f1ana con la Secretar\u00eda del Trabajo y Previsi\u00f3n Social, el 26 de junio a las 10 de la ma\u00f1ana con el gremio de los abogados laboristas, el 3 de julio a la misma hora la reuni\u00f3n ser\u00e1 con c\u00e1maras empresariales y representantes de los trabajadores, finalizando el 10 de julio con la Secretar\u00eda del Trabajo para analizar las inquietudes y apuntes recogidos durante el ejercicio.<\/p>\n\n\n\n<p>Barajas Garc\u00eda mencion\u00f3 que la propuesta a analizar fue presentada por el Gobernador Juan Manuel Carreras L\u00f3pez, con el objetivo de armonizar el sistema jur\u00eddico potosino con la reforma constitucional de febrero del 2017 en materia de justicia laboral.<\/p>\n\n\n\n<p>Inform\u00f3 que se propone la creaci\u00f3n del Centro Estatal de Conciliaci\u00f3n, como un organismo p\u00fablico descentralizado, especializado e imparcial, con personalidad jur\u00eddica y patrimonio propios, dotado de plena autonom\u00eda t\u00e9cnica, operativa, presupuestaria, de decisi\u00f3n y de gesti\u00f3n, sectorizado a la Secretar\u00eda del Trabajo y Previsi\u00f3n Social.<\/p>\n\n\n\n<p>El Centro Estatal de Conciliaci\u00f3n ser\u00e1 encargado de cumplir con las disposiciones de la Ley Federal del Trabajo y de ofrecer el servicio p\u00fablico de conciliaci\u00f3n laboral para la resoluci\u00f3n de los conflictos entre trabajadores y patrones en asuntos del orden local, procurando el equilibrio entre los factores de la producci\u00f3n y ofreciendo a \u00e9stos una instancia eficaz y expedita.<\/p>\n","protected":false},"excerpt":{"rendered":"<p>COMISI\u00d3N DEL TRABAJO Y PREVISI\u00d3N SOCIAL, INICIA ESTE CON MESAS DE AN\u00c1LISIS CON ESPECIALISTAS E INSTITUCIONES INVOLUCRADAS EN EL TEMA:<\/p>\n","protected":false},"author":1,"featured_media":35497,"comment_status":"open","ping_status":"open","sticky":false,"template":"","format":"standard","meta":[],"categories":[1],"tags":[],"_links":{"self":[{"href":"http:\/\/www.radiodigitaltamazunchale.com\/landing\/wp-json\/wp\/v2\/posts\/35496"}],"collection":[{"href":"http:\/\/www.radiodigitaltamazunchale.com\/landing\/wp-json\/wp\/v2\/posts"}],"about":[{"href":"http:\/\/www.radiodigitaltamazunchale.com\/landing\/wp-json\/wp\/v2\/types\/post"}],"author":[{"embeddable":true,"href":"http:\/\/www.radiodigitaltamazunchale.com\/landing\/wp-json\/wp\/v2\/users\/1"}],"replies":[{"embeddable":true,"href":"http:\/\/www.radiodigitaltamazunchale.com\/landing\/wp-json\/wp\/v2\/comments?post=35496"}],"version-history":[{"count":1,"href":"http:\/\/www.radiodigitaltamazunchale.com\/landing\/wp-json\/wp\/v2\/posts\/35496\/revisions"}],"predecessor-version":[{"id":35498,"href":"http:\/\/www.radiodigitaltamazunchale.com\/landing\/wp-json\/wp\/v2\/posts\/35496\/revisions\/35498"}],"wp:featuredmedia":[{"embeddable":true,"href":"http:\/\/www.radiodigitaltamazunchale.com\/landing\/wp-json\/wp\/v2\/media\/35497"}],"wp:attachment":[{"href":"http:\/\/www.radiodigitaltamazunchale.com\/landing\/wp-json\/wp\/v2\/media?parent=35496"}],"wp:term":[{"taxonomy":"category","embeddable":true,"href":"http:\/\/www.radiodigitaltamazunchale.com\/landing\/wp-json\/wp\/v2\/categories?post=35496"},{"taxonomy":"post_tag","embeddable":true,"href":"http:\/\/www.radiodigitaltamazunchale.com\/landing\/wp-json\/wp\/v2\/tags?post=35496"}],"curies":[{"name":"wp","href":"https:\/\/api.w.org\/{rel}","templated":true}]}}