{"id":35550,"date":"2020-06-21T08:19:00","date_gmt":"2020-06-21T14:19:00","guid":{"rendered":"http:\/\/www.radiodigitaltamazunchale.com\/landing\/?p=35550"},"modified":"2020-06-22T08:20:09","modified_gmt":"2020-06-22T14:20:09","slug":"llamado-al-gobierno-federal-para-que-no-recorte-el-presupuesto-a-la-comision-nacional-de-areas-naturales-protegidas","status":"publish","type":"post","link":"http:\/\/www.radiodigitaltamazunchale.com\/landing\/uncategorized\/llamado-al-gobierno-federal-para-que-no-recorte-el-presupuesto-a-la-comision-nacional-de-areas-naturales-protegidas\/","title":{"rendered":"LLAMADO AL GOBIERNO FEDERAL PARA QUE NO RECORTE EL PRESUPUESTO A LA COMISI\u00d3N NACIONAL DE \u00c1REAS NATURALES PROTEGIDAS."},"content":{"rendered":"\n<p><strong>EL RECORTE AL PRESUPUESTO PONDR\u00c1 EN RIESGO LA PROTECCI\u00d3N Y CUIDADO AL MEDIO AMBIENTE: DIP. MAR\u00cdA ISABEL GONZ\u00c1LEZ TOVAR.<\/strong><\/p>\n\n\n\n<figure class=\"wp-block-table\"><table><tbody><tr><td><strong>&nbsp;<\/strong> <strong>Bolet\u00edn Informativo.<\/strong> <strong>Dip. Mar\u00eda Isabel Gonz\u00e1lez Tovar.<\/strong> <strong>Domingo 21 de junio de 2020.<\/strong> <strong>&nbsp;<\/strong><\/td><\/tr><\/tbody><\/table><\/figure>\n\n\n\n<p>La diputada Mar\u00eda Isabel Gonz\u00e1lez Tovar hizo un llamado al Presidente de la Rep\u00fablica, Andr\u00e9s Manuel L\u00f3pez Obrador para que reconozca el rol que desempe\u00f1an las \u00e1reas naturales protegidas en el progreso y desarrollo del pa\u00eds, ante el recorte presupuestal que sufrir\u00e1 la Comisi\u00f3n Nacional de \u00c1reas Naturales Protegidas, y que pondr\u00e1 en riesgo su protecci\u00f3n y cuidado.<\/p>\n\n\n\n<p>La legisladora destac\u00f3 que se tiene que otorgar una suficiencia presupuestal para asegurar la continuidad de los procesos ecol\u00f3gicos y evolutivos, priorizando la naturaleza y a quienes dependen de \u00e9sta.<\/p>\n\n\n\n<p>Dijo que el 23 de abril del a\u00f1o en curso, el Ejecutivo Federal emiti\u00f3 un decreto por el que se establecen las medidas de austeridad que deber\u00e1n observar las dependencias y entidades de la administraci\u00f3n p\u00fablica federal, donde se determin\u00f3 una reducci\u00f3n del 75 por ciento al presupuesto designado, el cual traer\u00e1 graves consecuencias.<\/p>\n\n\n\n<p>\u201cCon el recorte anunciado se dar\u00e1 la paralizaci\u00f3n de las actividades fundamentales que realiza la Comisi\u00f3n Nacional de \u00c1reas Naturales Protegidas, incluyendo el trabajo de proyectos productivos con comunidades, atenci\u00f3n de incendios y sitios que proveen servicios ambientales a las grandes ciudades del pa\u00eds que son el hogar y sustento de miles de personas\u201d.<\/p>\n\n\n\n<p>Se\u00f1al\u00f3 que ante esto, &nbsp;la Comisi\u00f3n no tendr\u00e1 otra opci\u00f3n que verse obligada a cerrar decenas de oficinas en campo, sin posibilidad de seguir realizando acciones de apoyo a comunidades, atenci\u00f3n a riesgos ambientales, vigilancia y monitoreo de las \u00e1reas naturales protegidas poniendo en riesgo la oportunidad de conservar estos espacios naturales.<\/p>\n\n\n\n<p>A\u00f1adi\u00f3 que con la reducci\u00f3n presupuestal, se corre el riesgo de liquidaci\u00f3n de la mayor parte de los trabajadores y con ello, se pondr\u00e1 en riesgo a las \u00e1reas naturales protegidas, de las que San Luis Potos\u00ed cuenta con al menos 12 en materia federal.<\/p>\n\n\n\n<p>Manifest\u00f3 que el pasado 5 de junio se celebr\u00f3 el D\u00eda Internacional del Medio Ambiente, en donde la ONU manifest\u00f3 su preocupaci\u00f3n por los eventos recientes como los incendios forestales en Brasil, California, Austria, la invasi\u00f3n de langostas en \u00c1frica y ahora la pandemia por COVID-19, por lo que se considera urgente la protecci\u00f3n y cuidado del medio ambiente.<\/p>\n","protected":false},"excerpt":{"rendered":"<p>EL RECORTE AL PRESUPUESTO PONDR\u00c1 EN RIESGO LA PROTECCI\u00d3N Y CUIDADO AL MEDIO AMBIENTE: DIP. MAR\u00cdA ISABEL GONZ\u00c1LEZ TOVAR. &nbsp;<\/p>\n","protected":false},"author":1,"featured_media":35551,"comment_status":"open","ping_status":"open","sticky":false,"template":"","format":"standard","meta":[],"categories":[1],"tags":[],"_links":{"self":[{"href":"http:\/\/www.radiodigitaltamazunchale.com\/landing\/wp-json\/wp\/v2\/posts\/35550"}],"collection":[{"href":"http:\/\/www.radiodigitaltamazunchale.com\/landing\/wp-json\/wp\/v2\/posts"}],"about":[{"href":"http:\/\/www.radiodigitaltamazunchale.com\/landing\/wp-json\/wp\/v2\/types\/post"}],"author":[{"embeddable":true,"href":"http:\/\/www.radiodigitaltamazunchale.com\/landing\/wp-json\/wp\/v2\/users\/1"}],"replies":[{"embeddable":true,"href":"http:\/\/www.radiodigitaltamazunchale.com\/landing\/wp-json\/wp\/v2\/comments?post=35550"}],"version-history":[{"count":1,"href":"http:\/\/www.radiodigitaltamazunchale.com\/landing\/wp-json\/wp\/v2\/posts\/35550\/revisions"}],"predecessor-version":[{"id":35552,"href":"http:\/\/www.radiodigitaltamazunchale.com\/landing\/wp-json\/wp\/v2\/posts\/35550\/revisions\/35552"}],"wp:featuredmedia":[{"embeddable":true,"href":"http:\/\/www.radiodigitaltamazunchale.com\/landing\/wp-json\/wp\/v2\/media\/35551"}],"wp:attachment":[{"href":"http:\/\/www.radiodigitaltamazunchale.com\/landing\/wp-json\/wp\/v2\/media?parent=35550"}],"wp:term":[{"taxonomy":"category","embeddable":true,"href":"http:\/\/www.radiodigitaltamazunchale.com\/landing\/wp-json\/wp\/v2\/categories?post=35550"},{"taxonomy":"post_tag","embeddable":true,"href":"http:\/\/www.radiodigitaltamazunchale.com\/landing\/wp-json\/wp\/v2\/tags?post=35550"}],"curies":[{"name":"wp","href":"https:\/\/api.w.org\/{rel}","templated":true}]}}