{"id":35556,"date":"2020-06-22T08:30:07","date_gmt":"2020-06-22T14:30:07","guid":{"rendered":"http:\/\/www.radiodigitaltamazunchale.com\/landing\/?p=35556"},"modified":"2020-06-22T08:30:08","modified_gmt":"2020-06-22T14:30:08","slug":"protegen-mexico-y-canada-a-trabajadores-agricolas-eventuales","status":"publish","type":"post","link":"http:\/\/www.radiodigitaltamazunchale.com\/landing\/uncategorized\/protegen-mexico-y-canada-a-trabajadores-agricolas-eventuales\/","title":{"rendered":"PROTEGEN M\u00c9XICO Y CANAD\u00c1 A TRABAJADORES AGR\u00cdCOLAS EVENTUALES"},"content":{"rendered":"\n<p>La prioridad del pa\u00eds es la protecci\u00f3n de los connacionales y las acciones que permitan garantizar su salud, seguridad y bienestar, informa la SRE.<\/p>\n\n\n\n<p>Para mejorar las&nbsp;<strong>condiciones sanitarias de los connacionales<\/strong>&nbsp;que laboran en granjas canadienses, ha entrado de nuevo en operaci\u00f3n el Programa de Trabajadores Agr\u00edcolas Temporales (PTAT), tras una pausa temporal, inform\u00f3 la Secretar\u00eda de Relaciones Exteriores en un comunicado.<\/p>\n\n\n\n<p>El Gobierno de M\u00e9xico, a trav\u00e9s de las secretar\u00edas del&nbsp;<strong>Trabajo y Previsi\u00f3n Social<\/strong>&nbsp;(STPS) y de&nbsp;<strong>Relaciones Exteriores<\/strong>&nbsp;(SRE), acord\u00f3 aplicar algunos d\u00edas de reajuste al programa, debido al Covid-19, en los que no se envi\u00f3 a trabajadores al pa\u00eds del Norte.<\/p>\n\n\n\n<p>Mediante&nbsp;<strong>el acuerdo alcanzado entre M\u00e9xico y Canad\u00e1<\/strong>, se han tomado las medidas sanitarias pertinentes para garantizar que los trabajadores jornaleros est\u00e9n seguros.<\/p>\n\n\n\n<p>Seg\u00fan el comunicado, se reconoce la necesidad de<strong>&nbsp;trabajar en la modernizaci\u00f3n del programa<\/strong>&nbsp;y otras medidas de corto y largo plazo.<\/p>\n\n\n\n<p>La prioridad del Gobierno de M\u00e9xico es la protecci\u00f3n de los connacionales y las acciones que permitan&nbsp;<strong>garantizar su salud, seguridad y bienestar.<\/strong><\/p>\n\n\n\n<p>Asimismo, a\u00f1ade, a efecto de<strong>&nbsp;atender de manera oportuna los retos identificados<\/strong>&nbsp;en el contexto de la pandemia, se establece un nuevo Grupo de Contacto, integrado por los Ministerios de Salud, Migraci\u00f3n, Agricultura y Empleo de Canad\u00e1, as\u00ed como la STPS y SRE por parte de M\u00e9xico.<\/p>\n\n\n\n<p>En este grupo se identificar\u00e1n riesgos, se atender\u00e1n denuncias y<strong>&nbsp;se facilitar\u00e1 la intervenci\u00f3n inmediata<\/strong>&nbsp;a favor de los connacionales, mediante&nbsp;<strong>las siguientes acciones<\/strong>:<\/p>\n\n\n\n<p>Apoyar el trabajo del Gobierno de M\u00e9xico para<strong>&nbsp;identificar de manera oportuna las granjas con brotes<\/strong>&nbsp;o alto riesgo de brotes;<\/p>\n\n\n\n<p>El Gobierno Federal de Canad\u00e1, en colaboraci\u00f3n con agencias de salud locales,<strong>&nbsp;garantizar\u00e1 el adecuado acceso a la salud,<\/strong>&nbsp;inspecciones y atenci\u00f3n m\u00e9dica oportuna para los trabajadores;<\/p>\n\n\n\n<p>De manera proactiva,&nbsp;<strong>incrementar\u00e1n las capacidades de Service Canada<\/strong>&nbsp;para revisar actos de incumplimiento por granjas y se asignar\u00e1 a un contacto para trabajar con los Consulados de M\u00e9xico sobre inconsistencias detectadas;<\/p>\n\n\n\n<p><strong>Trabajar con provincias y territorios<\/strong>&nbsp;sobre las responsabilidades que les corresponden, as\u00ed como continuar informando a los empleadores sobres sus obligaciones bajo el PTAT, particularmente en lo concerniente a la prevenci\u00f3n de contagio del Covid-19.<\/p>\n\n\n\n<p>En el 2020, la STPS, a trav\u00e9s del Servicio Nacional de Empleo y en colaboraci\u00f3n con la SRE, ha posibilitado que&nbsp;<strong>m\u00e1s de 16 mil trabajadores hayan migrado de manera legal<\/strong>, ordenada y segura a Canad\u00e1, para cumplir con un contrato de trabajo con duraci\u00f3n de 6 meses en promedio.<\/p>\n\n\n\n<p>De acuerdo con la canciller\u00eda, M\u00e9xico reconoce la disposici\u00f3n de Canad\u00e1 para encontrar soluciones comunes y su compromiso con el respeto y protecci\u00f3n de los derechos de los trabajadores agr\u00edcolas temporales,&nbsp;<strong>cuya contribuci\u00f3n a la econom\u00eda canadiense es indispensable para garantizar el abasto de alimentos.<\/strong><\/p>\n","protected":false},"excerpt":{"rendered":"<p>La prioridad del pa\u00eds es la protecci\u00f3n de los connacionales y las acciones que permitan garantizar su salud, seguridad y<\/p>\n","protected":false},"author":2,"featured_media":35557,"comment_status":"open","ping_status":"open","sticky":false,"template":"","format":"standard","meta":[],"categories":[1],"tags":[],"_links":{"self":[{"href":"http:\/\/www.radiodigitaltamazunchale.com\/landing\/wp-json\/wp\/v2\/posts\/35556"}],"collection":[{"href":"http:\/\/www.radiodigitaltamazunchale.com\/landing\/wp-json\/wp\/v2\/posts"}],"about":[{"href":"http:\/\/www.radiodigitaltamazunchale.com\/landing\/wp-json\/wp\/v2\/types\/post"}],"author":[{"embeddable":true,"href":"http:\/\/www.radiodigitaltamazunchale.com\/landing\/wp-json\/wp\/v2\/users\/2"}],"replies":[{"embeddable":true,"href":"http:\/\/www.radiodigitaltamazunchale.com\/landing\/wp-json\/wp\/v2\/comments?post=35556"}],"version-history":[{"count":1,"href":"http:\/\/www.radiodigitaltamazunchale.com\/landing\/wp-json\/wp\/v2\/posts\/35556\/revisions"}],"predecessor-version":[{"id":35558,"href":"http:\/\/www.radiodigitaltamazunchale.com\/landing\/wp-json\/wp\/v2\/posts\/35556\/revisions\/35558"}],"wp:featuredmedia":[{"embeddable":true,"href":"http:\/\/www.radiodigitaltamazunchale.com\/landing\/wp-json\/wp\/v2\/media\/35557"}],"wp:attachment":[{"href":"http:\/\/www.radiodigitaltamazunchale.com\/landing\/wp-json\/wp\/v2\/media?parent=35556"}],"wp:term":[{"taxonomy":"category","embeddable":true,"href":"http:\/\/www.radiodigitaltamazunchale.com\/landing\/wp-json\/wp\/v2\/categories?post=35556"},{"taxonomy":"post_tag","embeddable":true,"href":"http:\/\/www.radiodigitaltamazunchale.com\/landing\/wp-json\/wp\/v2\/tags?post=35556"}],"curies":[{"name":"wp","href":"https:\/\/api.w.org\/{rel}","templated":true}]}}