{"id":35559,"date":"2020-06-22T08:51:35","date_gmt":"2020-06-22T14:51:35","guid":{"rendered":"http:\/\/www.radiodigitaltamazunchale.com\/landing\/?p=35559"},"modified":"2020-06-22T08:54:58","modified_gmt":"2020-06-22T14:54:58","slug":"unam-desarrolla-ventilador-para-atender-emergencia-sanitaria","status":"publish","type":"post","link":"http:\/\/www.radiodigitaltamazunchale.com\/landing\/uncategorized\/unam-desarrolla-ventilador-para-atender-emergencia-sanitaria\/","title":{"rendered":"UNAM DESARROLLA VENTILADOR PARA ATENDER EMERGENCIA SANITARIA"},"content":{"rendered":"\n<p>Desde que inici\u00f3 la contingencia sanitaria, cient\u00edficos de la&nbsp;<strong>UNAM<\/strong>&nbsp;empezaron a trabajar en el dise\u00f1o de un respirador para personas con&nbsp;<strong>COVID-19<\/strong>&nbsp;que fuera&nbsp;<strong>econ\u00f3mico<\/strong>,&nbsp;<strong>port\u00e1til<\/strong>&nbsp;y que se pudiera fabricar&nbsp;<strong>de manera sencilla<\/strong>&nbsp;en el pa\u00eds.<\/p>\n\n\n\n<p>Expertos del<a rel=\"noreferrer noopener\" href=\"http:\/\/epistemia.nucleares.unam.mx\/web?name=linx\" target=\"_blank\">&nbsp;Laboratorio de Instrumentaci\u00f3n Espacial<\/a>&nbsp;(<strong>LINX<\/strong>), del&nbsp;<strong>Instituto de Ciencias Nucleares<\/strong>, pusieron a punto el equipo y lo han probado conforme a las especificaciones que deben cumplir instrumentos de este tipo para dar atenci\u00f3n a pacientes. El desarrollo universitario est\u00e1 a la espera de la revisi\u00f3n t\u00e9cnica de la Comisi\u00f3n Federal para la Protecci\u00f3n contra Riesgos Sanitarios (<strong>COFEPRIS<\/strong>) para su uso en pacientes.<\/p>\n\n\n\n<p><strong>&nbsp;Gustavo Medina Tanco<\/strong>, responsable del&nbsp;<strong>LINX<\/strong>, indic\u00f3 que en tres etapas distintas el ventilador fue sometido primero, a pruebas de laboratorio, para posteriormente verificar su funcionamiento al ser conectado a un pulm\u00f3n artificial, en el Instituto Nacional de Ciencias M\u00e9dicas y Nutrici\u00f3n \u201cSalvador Zubir\u00e1n\u201d (<strong>INCMNSZ<\/strong>) y en el Instituto Nacional de Enfermedades Respiratorias (<strong>INER<\/strong>).<\/p>\n\n\n\n<p>En la \u00faltima fase fue probado en las instalaciones de la Facultad de Medicina Veterinaria y Zootecnia de la&nbsp;<strong>UNAM<\/strong>&nbsp;con seres vivos, comprobando que puede mantener con vida a una persona de hasta 80 kilogramos.<\/p>\n\n\n\n<p>Una vez superadas estas pruebas, la&nbsp;<strong>Universidad Nacional<\/strong>&nbsp;someti\u00f3 a la&nbsp;<strong>COFEPRIS<\/strong>&nbsp;la documentaci\u00f3n necesaria para que esta autoridad sanitaria haga la evaluaci\u00f3n correspondiente y est\u00e9 en condiciones de otorgar la autorizaci\u00f3n para su uso en pacientes con&nbsp;<strong>COVID-19<\/strong>.<\/p>\n\n\n\n<p>El universitario indic\u00f3 que el proyecto cuenta con el apoyo de diversas empresas que han provisto de componentes para la fase de desarrollo del ventilador, y que ya comenzaron a buscar los componentes que donar\u00e1n para la producci\u00f3n de por lo menos 100 instrumentos.<\/p>\n\n\n\n<p>En tanto, la Coordinaci\u00f3n de Vinculaci\u00f3n y Transferencia Tecnol\u00f3gica de la UNAM ha avanzado en un convenio de colaboraci\u00f3n con una empresa de biomedicina en Jalisco, especializada en la fabricaci\u00f3n y reparaci\u00f3n de equipos, partes y accesorios para material de uso m\u00e9dico.<\/p>\n\n\n\n<p>La alianza es inicialmente de naturaleza altruista para ensamblar los primeros equipos, que ser\u00e1n donados al sector Salud. Esta empresa cuenta ya con certificaci\u00f3n de la COFEPRIS, lo que acelerar\u00e1 el proceso de fabricaci\u00f3n del ventilador desarrollado por el grupo del ICN.<\/p>\n\n\n\n<p>De esta manera, se hace evidente que la vinculaci\u00f3n entre ciencia, tecnolog\u00eda y los sectores productivo, p\u00fablico y privado pueden generar grandes beneficios a la sociedad, particularmente en momentos de emergencia como la que vive actualmente nuestro pa\u00eds.<\/p>\n\n\n\n<p>Las empresas que han apoyado en esta labor son: Steren Electr\u00f3nica S.A. de C.V., Biom\u00e9dica de Referencia S.A. de C.V., Truper S.A. de C.V., Gimbel Mexicana S.A. de C.V., Litoprocess S.A. de C.V., Publicidad Virtual S.A. de C.V y Engie M\u00e9xico S.A. de C.V.<\/p>\n\n\n\n<p>FUENTE: <strong><strong>L\u00d3PEZ-D\u00d3RIGA DIGITAL<\/strong><\/strong><\/p>\n\n\n\n<p>FOTO:<strong> DIRECCI\u00d3N GENERAL DE COMUNICACI\u00d3N SOCIAL DGCS-UNAM<\/strong><\/p>\n","protected":false},"excerpt":{"rendered":"<p>Desde que inici\u00f3 la contingencia sanitaria, cient\u00edficos de la&nbsp;UNAM&nbsp;empezaron a trabajar en el dise\u00f1o de un respirador para personas con&nbsp;COVID-19&nbsp;que<\/p>\n","protected":false},"author":2,"featured_media":35560,"comment_status":"open","ping_status":"open","sticky":false,"template":"","format":"standard","meta":[],"categories":[1],"tags":[],"_links":{"self":[{"href":"http:\/\/www.radiodigitaltamazunchale.com\/landing\/wp-json\/wp\/v2\/posts\/35559"}],"collection":[{"href":"http:\/\/www.radiodigitaltamazunchale.com\/landing\/wp-json\/wp\/v2\/posts"}],"about":[{"href":"http:\/\/www.radiodigitaltamazunchale.com\/landing\/wp-json\/wp\/v2\/types\/post"}],"author":[{"embeddable":true,"href":"http:\/\/www.radiodigitaltamazunchale.com\/landing\/wp-json\/wp\/v2\/users\/2"}],"replies":[{"embeddable":true,"href":"http:\/\/www.radiodigitaltamazunchale.com\/landing\/wp-json\/wp\/v2\/comments?post=35559"}],"version-history":[{"count":2,"href":"http:\/\/www.radiodigitaltamazunchale.com\/landing\/wp-json\/wp\/v2\/posts\/35559\/revisions"}],"predecessor-version":[{"id":35562,"href":"http:\/\/www.radiodigitaltamazunchale.com\/landing\/wp-json\/wp\/v2\/posts\/35559\/revisions\/35562"}],"wp:featuredmedia":[{"embeddable":true,"href":"http:\/\/www.radiodigitaltamazunchale.com\/landing\/wp-json\/wp\/v2\/media\/35560"}],"wp:attachment":[{"href":"http:\/\/www.radiodigitaltamazunchale.com\/landing\/wp-json\/wp\/v2\/media?parent=35559"}],"wp:term":[{"taxonomy":"category","embeddable":true,"href":"http:\/\/www.radiodigitaltamazunchale.com\/landing\/wp-json\/wp\/v2\/categories?post=35559"},{"taxonomy":"post_tag","embeddable":true,"href":"http:\/\/www.radiodigitaltamazunchale.com\/landing\/wp-json\/wp\/v2\/tags?post=35559"}],"curies":[{"name":"wp","href":"https:\/\/api.w.org\/{rel}","templated":true}]}}