{"id":35616,"date":"2020-06-22T19:21:24","date_gmt":"2020-06-23T01:21:24","guid":{"rendered":"http:\/\/www.radiodigitaltamazunchale.com\/landing\/?p=35616"},"modified":"2020-06-22T19:21:25","modified_gmt":"2020-06-23T01:21:25","slug":"cefim-lanza-programa-virtual-de-capacitacion-para-municipios","status":"publish","type":"post","link":"http:\/\/www.radiodigitaltamazunchale.com\/landing\/uncategorized\/cefim-lanza-programa-virtual-de-capacitacion-para-municipios\/","title":{"rendered":"CEFIM LANZA PROGRAMA VIRTUAL DE CAPACITACI\u00d3N PARA MUNICIPIOS"},"content":{"rendered":"\n<ul><li><strong>Promueve diferentes cursos virtuales para los 58 Ayuntamientos que coadyuvan al fortalecimiento de la gesti\u00f3n municipal.<\/strong><\/li><li><strong>Se analizan temas de derechos humanos, perspectiva de g\u00e9nero, laudos laborales, gobernabilidad, tr\u00e1mites y servicios municipales, entre otros.<\/strong><\/li><\/ul>\n\n\n\n<p>Ante la reprogramaci\u00f3n de actividades gubernamentales originada por la contingencia sanitaria de Coronavirus, la Coordinaci\u00f3n Estatal para Fortalecimiento Institucional de los Municipios (CEFIM), ha puesto en marcha un programa de capacitaci\u00f3n en l\u00ednea, donde se convoca a la comunidad municipalista a participar en encuentros virtuales, en los que se abre el debate y se generan soluciones reales e inmediatas que respondan a sus necesidades gubernamentales m\u00e1s urgentes, dio a conocer Luis Gerardo Aldaco Ortega, titular de la dependencia.<\/p>\n\n\n\n<p>\u201cCada semana estamos organizando en CEFIM foros virtuales, ya abordamos el de Derechos Humanos y Municipio, y esta semana revisamos la prestaci\u00f3n de los servicios p\u00fablicos municipales de cara a la nueva normalidad, es decir, por la naturaleza que tiene la autoridad municipal y su cercan\u00eda con la gente, c\u00f3mo le van hacer para brindar los servicios p\u00fablicos; vamos a tener otro foro sobre laudos laborales, un rubro que hoy por hoy est\u00e1 dentro de la agenda de riesgos, de igual forma, la pr\u00f3xima semana vamos a tener otro evento virtual sobre el Municipio y la Perspectiva de G\u00e9nero, \u00e9stos son algunos de los temas que estamos trabajando\u201d, inform\u00f3 el Coordinador Estatal de la CEFIM.<\/p>\n\n\n\n<p>Aldaco Ortega detall\u00f3, \u201ctenemos una serie de soluciones que brindan un apoyo complementario a la formaci\u00f3n profesional a distancia, espacios donde compartimos las mejores pr\u00e1cticas y soluciones para que las y los funcionarios de los 58 municipios puedan seguir fortaleciendo su trabajo en el \u00e1mbito local\u201d.<\/p>\n\n\n\n<p>El funcionario estatal agreg\u00f3 que, se invit\u00f3 a expertos que ayudan a brindar un panorama sobre las diferentes facultades y responsabilidades que dicta el 115 Constitucional para los Ayuntamientos, pues su experiencia y conocimiento son sumamente valiosos al momento de desarrollar las videoconferencias.<\/p>\n\n\n\n<p>Dentro de este esquema de trabajo se suman una serie de medidas adicionales para cumplir con las normas sanitarias y de seguridad derivadas de la pandemia global, como el comienzo escalonado de los horarios para evitar aglomeraciones, la sanitizaci\u00f3n constante de \u00e1reas de trabajo o el uso obligatorio de mascarillas.<\/p>\n\n\n\n<p>Concluy\u00f3 que, \u201ceste regreso a la nueva normalidad significa una coordinaci\u00f3n permanente con los tres niveles de gobierno, debemos manejar una pol\u00edtica integral para los 58 municipios de la entidad, tal como se ha hecho hasta ahora, adem\u00e1s del acercamiento a la sociedad que se debe seguir teniendo y fortaleciendo con los distintos protocolos, sobre todo en la atenci\u00f3n al p\u00fablico\u201d.<\/p>\n","protected":false},"excerpt":{"rendered":"<p>Promueve diferentes cursos virtuales para los 58 Ayuntamientos que coadyuvan al fortalecimiento de la gesti\u00f3n municipal. Se analizan temas de<\/p>\n","protected":false},"author":1,"featured_media":35617,"comment_status":"open","ping_status":"open","sticky":false,"template":"","format":"standard","meta":[],"categories":[1],"tags":[],"_links":{"self":[{"href":"http:\/\/www.radiodigitaltamazunchale.com\/landing\/wp-json\/wp\/v2\/posts\/35616"}],"collection":[{"href":"http:\/\/www.radiodigitaltamazunchale.com\/landing\/wp-json\/wp\/v2\/posts"}],"about":[{"href":"http:\/\/www.radiodigitaltamazunchale.com\/landing\/wp-json\/wp\/v2\/types\/post"}],"author":[{"embeddable":true,"href":"http:\/\/www.radiodigitaltamazunchale.com\/landing\/wp-json\/wp\/v2\/users\/1"}],"replies":[{"embeddable":true,"href":"http:\/\/www.radiodigitaltamazunchale.com\/landing\/wp-json\/wp\/v2\/comments?post=35616"}],"version-history":[{"count":1,"href":"http:\/\/www.radiodigitaltamazunchale.com\/landing\/wp-json\/wp\/v2\/posts\/35616\/revisions"}],"predecessor-version":[{"id":35618,"href":"http:\/\/www.radiodigitaltamazunchale.com\/landing\/wp-json\/wp\/v2\/posts\/35616\/revisions\/35618"}],"wp:featuredmedia":[{"embeddable":true,"href":"http:\/\/www.radiodigitaltamazunchale.com\/landing\/wp-json\/wp\/v2\/media\/35617"}],"wp:attachment":[{"href":"http:\/\/www.radiodigitaltamazunchale.com\/landing\/wp-json\/wp\/v2\/media?parent=35616"}],"wp:term":[{"taxonomy":"category","embeddable":true,"href":"http:\/\/www.radiodigitaltamazunchale.com\/landing\/wp-json\/wp\/v2\/categories?post=35616"},{"taxonomy":"post_tag","embeddable":true,"href":"http:\/\/www.radiodigitaltamazunchale.com\/landing\/wp-json\/wp\/v2\/tags?post=35616"}],"curies":[{"name":"wp","href":"https:\/\/api.w.org\/{rel}","templated":true}]}}