{"id":35639,"date":"2020-06-23T16:13:14","date_gmt":"2020-06-23T22:13:14","guid":{"rendered":"http:\/\/www.radiodigitaltamazunchale.com\/landing\/?p=35639"},"modified":"2020-06-23T16:13:16","modified_gmt":"2020-06-23T22:13:16","slug":"comision-de-transparencia-aprueba-dictamen-para-eleccion-de-comisionada-o-comisionado-numerario-y-comisionadas-o-comisionados-supernumerarios-de-cegaip","status":"publish","type":"post","link":"http:\/\/www.radiodigitaltamazunchale.com\/landing\/uncategorized\/comision-de-transparencia-aprueba-dictamen-para-eleccion-de-comisionada-o-comisionado-numerario-y-comisionadas-o-comisionados-supernumerarios-de-cegaip\/","title":{"rendered":"COMISI\u00d3N DE TRANSPARENCIA APRUEBA DICTAMEN PARA ELECCI\u00d3N DE COMISIONADA O COMISIONADO NUMERARIO, Y COMISIONADAS O COMISIONADOS SUPERNUMERARIOS DE CEGAIP."},"content":{"rendered":"\n<p><strong>COMPROMISO DE ELEGIR PERFIL QUE RE\u00daNA EXPERIENCIA EN MATERIA DE TRANSPARENCIA, RENDICI\u00d3N DE CUENTAS, DATOS PERSONALES Y DERECHOS HUMANOS: DIP. MAR\u00cdA ISABEL GONZ\u00c1LEZ TOVAR.<\/strong><\/p>\n\n\n\n<p>Los integrantes de la Comisi\u00f3n de Transparencia y Acceso a la Informaci\u00f3n P\u00fablica acordaron aprobaron el dictamen que integra la lista de los 19 aspirantes a ocupar los cargos de Comisionada o Comisionado Numerario, y Comisionadas o Comisionados Supernumerarios de la Comisi\u00f3n Estatal de Garant\u00eda de Acceso a la Informaci\u00f3n P\u00fablica, para el periodo comprendido del 1 de julio de 2020 al 30 de junio de 2024.<\/p>\n\n\n\n<p>La diputada Mar\u00eda Isabel Gonz\u00e1lez Tovar, presidenta de esta comisi\u00f3n legislativa, se\u00f1al\u00f3 que el dictamen respectivo ser\u00e1 presentado a consideraci\u00f3n del pleno para su votaci\u00f3n en Sesi\u00f3n Ordinaria, la pr\u00f3xima semana.<\/p>\n\n\n\n<p>De acuerdo a la convocatoria, para la elecci\u00f3n de los Comisionados de la CEGAIP, se deber\u00e1 llevar a cabo a trav\u00e9s del voto por c\u00e9dula de las dos terceras partes de los miembros del Congreso del Estado.<\/p>\n\n\n\n<p>Destac\u00f3 que el pleno, quien tomar\u00e1 la decisi\u00f3n, deber\u00e1 tomar en cuenta la experiencia y propuestas de los aspirantes, para integrar la Comisi\u00f3n Estatal de Garant\u00eda de Acceso a la Informaci\u00f3n P\u00fablica.<\/p>\n\n\n\n<p>\u201cVan 19 participantes, desde luego se incluyeron los curriculums, el proyecto de trabajo, se incluy\u00f3 adem\u00e1s el video de la entrevista que se le realiz\u00f3 y ya cada uno de los diputados valore, desde luego lo que estamos pidiendo es que cada uno de los diputados valore la experiencia que tenga cada uno de los participantes en materia de transparencia, rendici\u00f3n de cuentas, datos personales y derechos humanos\u201d.<\/p>\n\n\n\n<p>La lista de aspirantes se integra por: Oscar Villalpando Devo, Ricardo Casta\u00f1eda Hern\u00e1ndez, H\u00e9ctor de la Fuente Carrillo, Miguel \u00c1ngel Llanas Texon, Eduardo Hervert S\u00e1nchez, Jos\u00e9 de Jes\u00fas C\u00e1rdenas Turrubiartes, Claudia Elizabeth G\u00f3mez L\u00f3pez, Nancy Esmeralda Hern\u00e1ndez Cervantes, Juan Villaverde Ortiz, Diana Robledo L\u00f3pez, Jos\u00e9 \u00c1ngel Lara Garc\u00eda, Mauricio Rom\u00e1n Hermosillo Escudero, Jos\u00e9 Alfredo Sol\u00eds Ram\u00edrez, Adri\u00e1n Ib\u00e1\u00f1ez Esquivel, Carlos Hern\u00e1ndez Elizondo, Jorge Hern\u00e1ndez Vega, Jos\u00e9 de Jes\u00fas Sierra Acu\u00f1a, David Enrique Menchaca Z\u00fa\u00f1iga, y Carlos Alberto G\u00f3mez Rivera.<\/p>\n\n\n\n<p>Record\u00f3 que en las pasadas sesiones de trabajo, se realizaron las respectivas entrevistas a los aspirantes, quienes presentaron su curriculum, trayectoria y plan a desarrollar de ser electos para estos cargos.<\/p>\n","protected":false},"excerpt":{"rendered":"<p>COMPROMISO DE ELEGIR PERFIL QUE RE\u00daNA EXPERIENCIA EN MATERIA DE TRANSPARENCIA, RENDICI\u00d3N DE CUENTAS, DATOS PERSONALES Y DERECHOS HUMANOS: DIP.<\/p>\n","protected":false},"author":1,"featured_media":35640,"comment_status":"open","ping_status":"open","sticky":false,"template":"","format":"standard","meta":[],"categories":[1],"tags":[],"_links":{"self":[{"href":"http:\/\/www.radiodigitaltamazunchale.com\/landing\/wp-json\/wp\/v2\/posts\/35639"}],"collection":[{"href":"http:\/\/www.radiodigitaltamazunchale.com\/landing\/wp-json\/wp\/v2\/posts"}],"about":[{"href":"http:\/\/www.radiodigitaltamazunchale.com\/landing\/wp-json\/wp\/v2\/types\/post"}],"author":[{"embeddable":true,"href":"http:\/\/www.radiodigitaltamazunchale.com\/landing\/wp-json\/wp\/v2\/users\/1"}],"replies":[{"embeddable":true,"href":"http:\/\/www.radiodigitaltamazunchale.com\/landing\/wp-json\/wp\/v2\/comments?post=35639"}],"version-history":[{"count":1,"href":"http:\/\/www.radiodigitaltamazunchale.com\/landing\/wp-json\/wp\/v2\/posts\/35639\/revisions"}],"predecessor-version":[{"id":35641,"href":"http:\/\/www.radiodigitaltamazunchale.com\/landing\/wp-json\/wp\/v2\/posts\/35639\/revisions\/35641"}],"wp:featuredmedia":[{"embeddable":true,"href":"http:\/\/www.radiodigitaltamazunchale.com\/landing\/wp-json\/wp\/v2\/media\/35640"}],"wp:attachment":[{"href":"http:\/\/www.radiodigitaltamazunchale.com\/landing\/wp-json\/wp\/v2\/media?parent=35639"}],"wp:term":[{"taxonomy":"category","embeddable":true,"href":"http:\/\/www.radiodigitaltamazunchale.com\/landing\/wp-json\/wp\/v2\/categories?post=35639"},{"taxonomy":"post_tag","embeddable":true,"href":"http:\/\/www.radiodigitaltamazunchale.com\/landing\/wp-json\/wp\/v2\/tags?post=35639"}],"curies":[{"name":"wp","href":"https:\/\/api.w.org\/{rel}","templated":true}]}}