{"id":35666,"date":"2020-06-24T09:08:47","date_gmt":"2020-06-24T15:08:47","guid":{"rendered":"http:\/\/www.radiodigitaltamazunchale.com\/landing\/?p=35666"},"modified":"2020-06-24T09:08:48","modified_gmt":"2020-06-24T15:08:48","slug":"1-de-julio-se-adelantaran-4-meses-de-pension-a-adultos-mayores-anuncia-amlo","status":"publish","type":"post","link":"http:\/\/www.radiodigitaltamazunchale.com\/landing\/uncategorized\/1-de-julio-se-adelantaran-4-meses-de-pension-a-adultos-mayores-anuncia-amlo\/","title":{"rendered":"1 DE JULIO SE ADELANTAR\u00c1N 4 MESES DE PENSI\u00d3N A ADULTOS MAYORES ANUNCIA AMLO"},"content":{"rendered":"\n<h1><\/h1>\n\n\n\n<p> -El gobierno adelantar\u00e1 el pago correspondiente a los meses de julio, agosto, septiembre y octubre<\/p>\n\n\n\n<p>El presidente de M\u00e9xico, Andr\u00e9s Manuel L\u00f3pez Obrador, inform\u00f3 este mi\u00e9rcoles que el 1 de julio se van a dispersar por adelantado cuatro meses de pensi\u00f3n para adultos mayores.<\/p>\n\n\n\n<blockquote class=\"wp-block-quote\"><p>\u201cSe va a adelantar la pensi\u00f3n, se van a entregar cuatro meses, el 1 de julio, es decir va a comprender julio, agosto, septiembre y octubre, para que los adultos mayores reciban estos apoyos\u201d, dijo el presidente durante su conferencia matutina.<\/p><\/blockquote>\n\n\n\n<p>Destac\u00f3 la importancia de que los adultos mayores sigan en casa, \u201cguardados\u201d, cuid\u00e1ndose y protegidos de la pandemia.<\/p>\n\n\n\n<p>El 16 de junio, durante su gira por Tlaxcala,\u00a0<a rel=\"noreferrer noopener\" href=\"https:\/\/noticieros.televisa.com\/ultimas-noticias\/amlo-anuncia-otro-adelanto-en-pago-de-pensiones-de-adultos-mayores\/\" target=\"_blank\">el presidente anunci\u00f3 que adelantar\u00edan, por segunda ocasi\u00f3n en el a\u00f1o, los pagos de cuatro meses de diversos programas sociales<\/a>\u00a0del Gobierno Federal, entre ellos las pensiones de adultos mayores, como parte del apoyo a la poblaci\u00f3n m\u00e1s vulnerable tras la pandemia del coronavirus, COVID-19.<\/p>\n\n\n\n<p>El 18 de marzo,\u00a0<a rel=\"noreferrer noopener\" href=\"https:\/\/noticieros.televisa.com\/ultimas-noticias\/coronavirus-pension-adultos-mayores-dos-bimestres-gobierno-amlo\/\" target=\"_blank\">L\u00f3pez Obrador anunci\u00f3 un primer adelanto en el pago de las pensiones a adultos mayores<\/a>\u00a0y dijo que debido a la crisis del coronavirus COVID-19 se adelantar\u00eda el pago y los beneficiarios cobrar\u00edan el equivalente a cuatro meses para poder enfrentar la contingencia y el aislamiento. <\/p>\n","protected":false},"excerpt":{"rendered":"<p>-El gobierno adelantar\u00e1 el pago correspondiente a los meses de julio, agosto, septiembre y octubre El presidente de M\u00e9xico, Andr\u00e9s<\/p>\n","protected":false},"author":1,"featured_media":35667,"comment_status":"open","ping_status":"open","sticky":false,"template":"","format":"standard","meta":[],"categories":[1],"tags":[],"_links":{"self":[{"href":"http:\/\/www.radiodigitaltamazunchale.com\/landing\/wp-json\/wp\/v2\/posts\/35666"}],"collection":[{"href":"http:\/\/www.radiodigitaltamazunchale.com\/landing\/wp-json\/wp\/v2\/posts"}],"about":[{"href":"http:\/\/www.radiodigitaltamazunchale.com\/landing\/wp-json\/wp\/v2\/types\/post"}],"author":[{"embeddable":true,"href":"http:\/\/www.radiodigitaltamazunchale.com\/landing\/wp-json\/wp\/v2\/users\/1"}],"replies":[{"embeddable":true,"href":"http:\/\/www.radiodigitaltamazunchale.com\/landing\/wp-json\/wp\/v2\/comments?post=35666"}],"version-history":[{"count":1,"href":"http:\/\/www.radiodigitaltamazunchale.com\/landing\/wp-json\/wp\/v2\/posts\/35666\/revisions"}],"predecessor-version":[{"id":35668,"href":"http:\/\/www.radiodigitaltamazunchale.com\/landing\/wp-json\/wp\/v2\/posts\/35666\/revisions\/35668"}],"wp:featuredmedia":[{"embeddable":true,"href":"http:\/\/www.radiodigitaltamazunchale.com\/landing\/wp-json\/wp\/v2\/media\/35667"}],"wp:attachment":[{"href":"http:\/\/www.radiodigitaltamazunchale.com\/landing\/wp-json\/wp\/v2\/media?parent=35666"}],"wp:term":[{"taxonomy":"category","embeddable":true,"href":"http:\/\/www.radiodigitaltamazunchale.com\/landing\/wp-json\/wp\/v2\/categories?post=35666"},{"taxonomy":"post_tag","embeddable":true,"href":"http:\/\/www.radiodigitaltamazunchale.com\/landing\/wp-json\/wp\/v2\/tags?post=35666"}],"curies":[{"name":"wp","href":"https:\/\/api.w.org\/{rel}","templated":true}]}}