{"id":35766,"date":"2020-06-27T08:52:28","date_gmt":"2020-06-27T14:52:28","guid":{"rendered":"http:\/\/www.radiodigitaltamazunchale.com\/landing\/?p=35766"},"modified":"2020-06-29T08:56:28","modified_gmt":"2020-06-29T14:56:28","slug":"buscan-proteger-a-ninas-ninos-y-adolescentes-migrantes","status":"publish","type":"post","link":"http:\/\/www.radiodigitaltamazunchale.com\/landing\/uncategorized\/buscan-proteger-a-ninas-ninos-y-adolescentes-migrantes\/","title":{"rendered":"BUSCAN PROTEGER A NI\u00d1AS, NI\u00d1OS Y ADOLESCENTES MIGRANTES."},"content":{"rendered":"\n<p><strong>DIP. JOS\u00c9 ANTONIO ZAPATA MERAZ, IMPULSA UNA INICIATIVA DE REFORMA A LA LEY DE LOS DERECHOS DE NI\u00d1AS, NI\u00d1OS Y ADOLESCENTES DEL ESTADO.<\/strong><\/p>\n\n\n\n<p>El diputado Jos\u00e9 Antonio Zapata Meraz, impulsa una Iniciativa que propone adicionar el art\u00edculo 84 BIS a la Ley de los Derechos de Ni\u00f1as, Ni\u00f1os y Adolescentes del Estado.<\/p>\n\n\n\n<p>La propuesta tiene la finalidad de establecer que el Sistema Estatal DIF o los Sistemas Municipales correspondientes, mediante una evaluaci\u00f3n puedan identificar a ni\u00f1as, ni\u00f1os o adolescentes extranjeros que sean susceptibles de reconocimiento de condici\u00f3n de refugiado o de asilo. En caso de identificaci\u00f3n positiva se notificar\u00e1 al Instituto Nacional de Migraci\u00f3n, con el fin de aplicar las medidas de protecci\u00f3n especial que resulten necesarias.<\/p>\n\n\n\n<p>Explic\u00f3 que, de acuerdo a la directora general de la organizaci\u00f3n \u201cSin Fronteras\u201d, Ana Saiz Valenzuela, durante el a\u00f1o 2019 aument\u00f3 un 149 por ciento la detenci\u00f3n de menores de edad migrantes no acompa\u00f1ados en comparaci\u00f3n con el a\u00f1o 2018.<\/p>\n\n\n\n<p>Zapata Meraz dijo que se debe considerar especialmente que muchos de los casos de personas migrantes que transitan por San Luis Potos\u00ed se relacionan a la violencia en sus pa\u00edses de origen, y ante tal fen\u00f3meno se debe reforzar la protecci\u00f3n a menores.<\/p>\n\n\n\n<p>Reiter\u00f3 que en el caso de los menores de procedencia extranjera en el marco legal mexicano, se realiz\u00f3 una reforma reciente a la Ley General de los Derechos de Ni\u00f1as, Ni\u00f1os y Adolescentes, que dispone un mecanismo de coordinaci\u00f3n para salvaguardar a los menores, por el cual el sistema de Desarrollo Integral de la Familia, adquiere obligaciones para detectar a menores que puedan ser susceptibles de la aplicaci\u00f3n para la Determinaci\u00f3n de la Condici\u00f3n de Refugiado, con el fin de proteger su integridad.<\/p>\n\n\n\n<p>La propuesta fue turnada a comisiones para su an\u00e1lisis y posteriormente ser votada en el pleno del Poder Legislativo<\/p>\n","protected":false},"excerpt":{"rendered":"<p>DIP. JOS\u00c9 ANTONIO ZAPATA MERAZ, IMPULSA UNA INICIATIVA DE REFORMA A LA LEY DE LOS DERECHOS DE NI\u00d1AS, NI\u00d1OS Y<\/p>\n","protected":false},"author":2,"featured_media":35768,"comment_status":"open","ping_status":"open","sticky":false,"template":"","format":"standard","meta":[],"categories":[1],"tags":[],"_links":{"self":[{"href":"http:\/\/www.radiodigitaltamazunchale.com\/landing\/wp-json\/wp\/v2\/posts\/35766"}],"collection":[{"href":"http:\/\/www.radiodigitaltamazunchale.com\/landing\/wp-json\/wp\/v2\/posts"}],"about":[{"href":"http:\/\/www.radiodigitaltamazunchale.com\/landing\/wp-json\/wp\/v2\/types\/post"}],"author":[{"embeddable":true,"href":"http:\/\/www.radiodigitaltamazunchale.com\/landing\/wp-json\/wp\/v2\/users\/2"}],"replies":[{"embeddable":true,"href":"http:\/\/www.radiodigitaltamazunchale.com\/landing\/wp-json\/wp\/v2\/comments?post=35766"}],"version-history":[{"count":1,"href":"http:\/\/www.radiodigitaltamazunchale.com\/landing\/wp-json\/wp\/v2\/posts\/35766\/revisions"}],"predecessor-version":[{"id":35769,"href":"http:\/\/www.radiodigitaltamazunchale.com\/landing\/wp-json\/wp\/v2\/posts\/35766\/revisions\/35769"}],"wp:featuredmedia":[{"embeddable":true,"href":"http:\/\/www.radiodigitaltamazunchale.com\/landing\/wp-json\/wp\/v2\/media\/35768"}],"wp:attachment":[{"href":"http:\/\/www.radiodigitaltamazunchale.com\/landing\/wp-json\/wp\/v2\/media?parent=35766"}],"wp:term":[{"taxonomy":"category","embeddable":true,"href":"http:\/\/www.radiodigitaltamazunchale.com\/landing\/wp-json\/wp\/v2\/categories?post=35766"},{"taxonomy":"post_tag","embeddable":true,"href":"http:\/\/www.radiodigitaltamazunchale.com\/landing\/wp-json\/wp\/v2\/tags?post=35766"}],"curies":[{"name":"wp","href":"https:\/\/api.w.org\/{rel}","templated":true}]}}