{"id":35837,"date":"2020-06-30T10:38:19","date_gmt":"2020-06-30T16:38:19","guid":{"rendered":"http:\/\/www.radiodigitaltamazunchale.com\/landing\/?p=35837"},"modified":"2020-06-30T10:38:22","modified_gmt":"2020-06-30T16:38:22","slug":"ponen-en-marcha-radar-covid-la-aplicacion-de-rastreo-de-covid-19","status":"publish","type":"post","link":"http:\/\/www.radiodigitaltamazunchale.com\/landing\/uncategorized\/ponen-en-marcha-radar-covid-la-aplicacion-de-rastreo-de-covid-19\/","title":{"rendered":"PONEN EN MARCHA \u00abRADAR COVID\u00bb LA APLICACI\u00d3N DE RASTREO DE COVID-19"},"content":{"rendered":"\n<p>-La monitorizaci\u00f3n se producir\u00e1 a\u00a0<strong>partir del 6 de julio<\/strong>\u00a0con simulaci\u00f3n de contagios y seguimiento.<\/p>\n\n\n\n<p>Radar Covid ya est\u00e1 en marcha. Se trata de la aplicaci\u00f3n de rastreo de coronavirus Covid-19 que el Gobierno\u00a0ha puesto en marcha en una prueba piloto en\u00a0<strong>La Gomera<\/strong>(Canarias). Una \u00abapp\u00bb que se ha desarrollado por Indra en los dos \u00faltimos meses y que est\u00e1 basada bajo el protocolo\u00a0<strong>dise\u00f1ado en la\u00a0herramienta de Google y Apple<\/strong>. Se van a usar a unos 300 emuladores para simular que se produce una pandemia en el 10 por ciento de la muestra.<\/p>\n\n\n\n<p>El ensayo durar\u00e1 dos semanas y constar\u00e1 de tres fases: la primera semana se dedicar\u00e1 a una intensa campa\u00f1a de comunicaci\u00f3n, sensibilizaci\u00f3n y formaci\u00f3n a escala local. Y la monitorizaci\u00f3n se producir\u00e1 a&nbsp;<strong>partir del 6 de julio<\/strong>&nbsp;con simulaci\u00f3n de contagios y seguimiento.&nbsp;<strong>Una vez finalizado el piloto, previsto para el 20 de julio, las autoridades evaluar\u00e1n la iniciativa<\/strong>&nbsp;y decidir\u00e1n en los pr\u00f3ximos meses si se escala a nivel nacional como medida adicional para combatir la propagaci\u00f3n de la enfermedad.<\/p>\n\n\n\n<p>El objetivo de esta aplicaci\u00f3n, que no tiene geolocalizaci\u00f3n, es evaluar aspectos t\u00e9cnicos y de experiencia de uso del ciudadano, con el fin de optimizar el dise\u00f1o de la aplicaci\u00f3n y su grado de confianza. Adem\u00e1s, servir\u00e1 para calibrar el algoritmo de la app con el fin de garantizar la veracidad de las notificaciones. La prueba es un proyecto tecnol\u00f3gico y social basado en la colaboraci\u00f3n ciudadana.<\/p>\n\n\n\n\n\n<h3>Interoperabilidad<\/h3>\n\n\n\n<p>Funciona en los dos sistemas operativos m\u00f3viles m\u00e1s extendidos, Android e iOS. Ya evaluadas por Google y Apple, se ha publicado en sus respectivas tiendas. La primera en recibirla ha sido Android. Durante las pruebas realizadas, ABC ha podido comprobar que el sistema anima al usuario a activar el Bluetooth. El terminal necesita tener activado esta tecnolog\u00eda inal\u00e1mbrica, utilizada para conectar dispositivos compatibles, para \u00abrecoger y compartir de forma segura\u00bb el ID o c\u00f3digo de identificaci\u00f3n aleatorio con otros tel\u00e9fonos que est\u00e9n cerca.<\/p>\n\n\n\n<h3>C\u00f3mo funciona<\/h3>\n\n\n\n<p>Radar Covid puede avisar al usuario si ha estado cerca de alguien que ha indicado que tiene s\u00edntomas de coronavirus. La herramienta avisa que se comparten con la \u00abapp\u00bb la fecha, la duraci\u00f3n y la intensidad de la se\u00f1al asociadas a las exposiciones. Si se permite que est\u00e9 activa&nbsp;<strong>siempre en segundo plano,<\/strong>&nbsp;es posible que se reduzca la duraci\u00f3n de la bater\u00eda. Esta funci\u00f3n se puede cambiar desde \u00abAjustes\/Aplicaciones\/Notificaciones\u00bb.<\/p>\n\n\n\n<p>En el primer vistazo, la \u00abapp\u00bb informa del nivel de exposici\u00f3n al que se ha sometido el usuario. En este caso, la prueba realizada por ABC se\u00f1ala que \u00ab<strong>Tu exposici\u00f3n es baja\u00bb<\/strong>. A\u00fan as\u00ed, el propio sistema recomienda a los usuarios una serie de pautas comm mantener la distancia de seguridad estipulada en 1,5 metros, usar \u00absiempre\u00bb mascarilla quir\u00fargica, lavarse las manos frecuentemente. Tambi\u00e9n se incluye otras medidas como taparse la boca al toser o estornudar o usar pa\u00f1uelos desechables.<\/p>\n\n\n\n<p>Desde la pesta\u00f1a \u00abEnviar diagn\u00f3stico an\u00f3nimo\u00bb, el usuario puede introducir el c\u00f3digo del&nbsp;<strong>test de Covid-19, la prueba PCR&nbsp;<\/strong>realizada por las autoridades m\u00e9dicas que deber\u00e1n enviar a los pacientes infectados por la enfermedad. Este asunto es clave dado que, de esta manera, se podr\u00e1 notificar a los usuarios que se aproximen en un rango cercano de que ha estado en presencia de una persona contagiada.<\/p>\n\n\n\n<h3>La privacidad, su gran desaf\u00edo<\/h3>\n\n\n\n<p>El Gobierno promete, y as\u00ed lo destacan en los t\u00e9rminos de uso de la aplicaci\u00f3n, que no se recogen ning\u00fan dato personal como nombre, direcci\u00f3n, edad, n\u00famero de tel\u00e9fono o correo electr\u00f3nico. Tampoco se recopila informaci\u00f3n de la geolocalizaci\u00f3n. \u00abNo podemos determinar tu identidad&nbsp;<strong>ni saber las personas con las que has estado<\/strong>\u00bb, aseguran desde el ministerio. De hecho, los datos se guardan en el propio dispositivo y la conexi\u00f3n con el servidor est\u00e1 encriptada. Adem\u00e1s de esta objetivo,&nbsp;<strong>Radar Covid<\/strong>&nbsp;incluye varios m\u00e9todos de contacto (tel\u00e9fono, correo electr\u00f3nico) para reportar incidencias.<\/p>\n","protected":false},"excerpt":{"rendered":"<p>-La monitorizaci\u00f3n se producir\u00e1 a\u00a0partir del 6 de julio\u00a0con simulaci\u00f3n de contagios y seguimiento. Radar Covid ya est\u00e1 en marcha.<\/p>\n","protected":false},"author":1,"featured_media":35838,"comment_status":"open","ping_status":"open","sticky":false,"template":"","format":"standard","meta":[],"categories":[1],"tags":[],"_links":{"self":[{"href":"http:\/\/www.radiodigitaltamazunchale.com\/landing\/wp-json\/wp\/v2\/posts\/35837"}],"collection":[{"href":"http:\/\/www.radiodigitaltamazunchale.com\/landing\/wp-json\/wp\/v2\/posts"}],"about":[{"href":"http:\/\/www.radiodigitaltamazunchale.com\/landing\/wp-json\/wp\/v2\/types\/post"}],"author":[{"embeddable":true,"href":"http:\/\/www.radiodigitaltamazunchale.com\/landing\/wp-json\/wp\/v2\/users\/1"}],"replies":[{"embeddable":true,"href":"http:\/\/www.radiodigitaltamazunchale.com\/landing\/wp-json\/wp\/v2\/comments?post=35837"}],"version-history":[{"count":1,"href":"http:\/\/www.radiodigitaltamazunchale.com\/landing\/wp-json\/wp\/v2\/posts\/35837\/revisions"}],"predecessor-version":[{"id":35839,"href":"http:\/\/www.radiodigitaltamazunchale.com\/landing\/wp-json\/wp\/v2\/posts\/35837\/revisions\/35839"}],"wp:featuredmedia":[{"embeddable":true,"href":"http:\/\/www.radiodigitaltamazunchale.com\/landing\/wp-json\/wp\/v2\/media\/35838"}],"wp:attachment":[{"href":"http:\/\/www.radiodigitaltamazunchale.com\/landing\/wp-json\/wp\/v2\/media?parent=35837"}],"wp:term":[{"taxonomy":"category","embeddable":true,"href":"http:\/\/www.radiodigitaltamazunchale.com\/landing\/wp-json\/wp\/v2\/categories?post=35837"},{"taxonomy":"post_tag","embeddable":true,"href":"http:\/\/www.radiodigitaltamazunchale.com\/landing\/wp-json\/wp\/v2\/tags?post=35837"}],"curies":[{"name":"wp","href":"https:\/\/api.w.org\/{rel}","templated":true}]}}