{"id":35856,"date":"2020-06-30T17:00:58","date_gmt":"2020-06-30T23:00:58","guid":{"rendered":"http:\/\/www.radiodigitaltamazunchale.com\/landing\/?p=35856"},"modified":"2020-06-30T17:00:59","modified_gmt":"2020-06-30T23:00:59","slug":"en-sesion-solemne-del-congreso-del-estado-rinden-protesta-funcionarios-electos-de-la-cegaip-y-ase","status":"publish","type":"post","link":"http:\/\/www.radiodigitaltamazunchale.com\/landing\/uncategorized\/en-sesion-solemne-del-congreso-del-estado-rinden-protesta-funcionarios-electos-de-la-cegaip-y-ase\/","title":{"rendered":"EN SESI\u00d3N SOLEMNE DEL CONGRESO DEL ESTADO, RINDEN PROTESTA FUNCIONARIOS ELECTOS DE LA CEGAIP Y ASE."},"content":{"rendered":"\n<p>En Sesi\u00f3n Solemne, y con la presencia del Secretario General de Gobierno,&nbsp; Alejandro Leal Tov\u00edas; y de la Magistrada Olga Regina Garc\u00eda L\u00f3pez, Presidenta del Supremo Tribunal de Justicia del Estado y del Consejo de la Judicatura, este d\u00eda se tom\u00f3 protesta a los funcionarios electos de la Auditor\u00eda Superior del Estado; y de la Comisi\u00f3n Estatal de Garant\u00eda de Acceso a la Informaci\u00f3n P\u00fablica (CEGAIP).<\/p>\n\n\n\n<p>En primer t\u00e9rmino, rindi\u00f3 protesta la Licenciada Rosalba Salazar Miranda, como titular del \u00d3rgano Interno de Control de la Auditor\u00eda Superior del Estado, para el periodo del 30 de junio de 2020 al 29 de junio de 2024.<\/p>\n\n\n\n<p>Posteriormente, rindieron protesta el Licenciado David Enrique Menchaca Z\u00fa\u00f1iga como comisionado numerario de la Comisi\u00f3n Estatal de Garant\u00eda de Acceso a la Informaci\u00f3n P\u00fablica; y a los Licenciados Jos\u00e9 Alfredo Sol\u00eds Ram\u00edrez y Claudia Elizabeth G\u00f3mez L\u00f3pez, como comisionados supernumerarios de la Comisi\u00f3n Estatal de Garant\u00eda de Acceso a la Informaci\u00f3n P\u00fablica, para el periodo del 1 de julio de 2020 al 30 de junio de 2024.<\/p>\n\n\n\n<p>Finalmente, se tom\u00f3 protesta al Licenciado David Enrique Menchaca Z\u00fa\u00f1iga como comisionado presidente de la Comisi\u00f3n Estatal de Garant\u00eda de Acceso a la Informaci\u00f3n P\u00fablica para el periodo del 30 de junio de 2020 al 30 de junio de 2022.<\/p>\n\n\n\n<p>Cabe recordar que los funcionarios fueron electos en Sesi\u00f3n Ordinaria, efectuada el d\u00eda de lunes 29 de junio, luego de procesos que partieron de convocatoria p\u00fablica y que fueron desahogados en comisiones legislativas.<\/p>\n","protected":false},"excerpt":{"rendered":"<p>En Sesi\u00f3n Solemne, y con la presencia del Secretario General de Gobierno,&nbsp; Alejandro Leal Tov\u00edas; y de la Magistrada Olga<\/p>\n","protected":false},"author":1,"featured_media":35857,"comment_status":"open","ping_status":"open","sticky":false,"template":"","format":"standard","meta":[],"categories":[1],"tags":[],"_links":{"self":[{"href":"http:\/\/www.radiodigitaltamazunchale.com\/landing\/wp-json\/wp\/v2\/posts\/35856"}],"collection":[{"href":"http:\/\/www.radiodigitaltamazunchale.com\/landing\/wp-json\/wp\/v2\/posts"}],"about":[{"href":"http:\/\/www.radiodigitaltamazunchale.com\/landing\/wp-json\/wp\/v2\/types\/post"}],"author":[{"embeddable":true,"href":"http:\/\/www.radiodigitaltamazunchale.com\/landing\/wp-json\/wp\/v2\/users\/1"}],"replies":[{"embeddable":true,"href":"http:\/\/www.radiodigitaltamazunchale.com\/landing\/wp-json\/wp\/v2\/comments?post=35856"}],"version-history":[{"count":1,"href":"http:\/\/www.radiodigitaltamazunchale.com\/landing\/wp-json\/wp\/v2\/posts\/35856\/revisions"}],"predecessor-version":[{"id":35858,"href":"http:\/\/www.radiodigitaltamazunchale.com\/landing\/wp-json\/wp\/v2\/posts\/35856\/revisions\/35858"}],"wp:featuredmedia":[{"embeddable":true,"href":"http:\/\/www.radiodigitaltamazunchale.com\/landing\/wp-json\/wp\/v2\/media\/35857"}],"wp:attachment":[{"href":"http:\/\/www.radiodigitaltamazunchale.com\/landing\/wp-json\/wp\/v2\/media?parent=35856"}],"wp:term":[{"taxonomy":"category","embeddable":true,"href":"http:\/\/www.radiodigitaltamazunchale.com\/landing\/wp-json\/wp\/v2\/categories?post=35856"},{"taxonomy":"post_tag","embeddable":true,"href":"http:\/\/www.radiodigitaltamazunchale.com\/landing\/wp-json\/wp\/v2\/tags?post=35856"}],"curies":[{"name":"wp","href":"https:\/\/api.w.org\/{rel}","templated":true}]}}