{"id":35889,"date":"2020-07-01T16:57:44","date_gmt":"2020-07-01T22:57:44","guid":{"rendered":"http:\/\/www.radiodigitaltamazunchale.com\/landing\/?p=35889"},"modified":"2020-07-01T16:57:45","modified_gmt":"2020-07-01T22:57:45","slug":"t-mec-contribuira-a-superar-la-crisis-economica-del-pais-dip-marite-hernandez-correa","status":"publish","type":"post","link":"http:\/\/www.radiodigitaltamazunchale.com\/landing\/uncategorized\/t-mec-contribuira-a-superar-la-crisis-economica-del-pais-dip-marite-hernandez-correa\/","title":{"rendered":"T-MEC, CONTRIBUIR\u00c1 A SUPERAR LA CRISIS ECON\u00d3MICA DEL PA\u00cdS: DIP. MARITE HERN\u00c1NDEZ CORREA."},"content":{"rendered":"\n<p>La diputada Marite Hern\u00e1ndez Correa, se\u00f1al\u00f3 que este primero de julio se celebran dos acontecimientos importantes: uno de ellos, es la entrada en vigor del acuerdo comercial entre los tres pa\u00edses del Norte de Am\u00e9rica (M\u00e9xico, Canad\u00e1 y Estados Unidos); el segundo es que hoy se cumplen dos a\u00f1os del gobierno m\u00e1s legitimado por el voto absolutamente mayoritario del pueblo de M\u00e9xico. \u201cDos motivos con trascendencia en nuestra vida republicana\u201d.&nbsp;&nbsp;<\/p>\n\n\n\n<p>El tratado comercial T-MEC, representa nuevas oportunidades y facilita el acceso al mercado m\u00e1s grande de Norteam\u00e9rica a los productos agr\u00edcolas y manufacturados de nuestros productores mexicanos. El trabajo en las relaciones internacionales de nuestro pa\u00eds y la activaci\u00f3n de nuestro comercio exterior fortalecen a M\u00e9xico para superar estos momentos de crisis econ\u00f3mica mundial, de recesi\u00f3n, de pandemia y de rumores mal intencionados de la oposici\u00f3n.<\/p>\n\n\n\n<p>Marite Hern\u00e1ndez Correa, agreg\u00f3 \u201choy hace dos a\u00f1os el pueblo de M\u00e9xico decidi\u00f3 dar por terminada una larga \u00e9poca de autoritarismo y corrupci\u00f3n en nuestro pa\u00eds. Los pueblos son sabios y cuando se cansan de administradores y gerentes, eligen gu\u00edas, l\u00edderes queridos y respetados que los saquen del pantano donde los meten los que con enga\u00f1os se encumbraron a los palacios del poder, traicionando a nuestros h\u00e9roes patriotas que ofrendaron sus vidas por una patria justa\u201d.<\/p>\n\n\n\n<p>\u201cEn las situaciones dif\u00edciles, en las grandes crisis es donde se ve la grandeza de quienes gobiernan con honestidad y patriotismo; principios con los que nuestro presidente, Andr\u00e9s Manuel L\u00f3pez Obrador, est\u00e1 gobernando\u201d, finaliz\u00f3.<\/p>\n","protected":false},"excerpt":{"rendered":"<p>La diputada Marite Hern\u00e1ndez Correa, se\u00f1al\u00f3 que este primero de julio se celebran dos acontecimientos importantes: uno de ellos, es<\/p>\n","protected":false},"author":1,"featured_media":35890,"comment_status":"open","ping_status":"open","sticky":false,"template":"","format":"standard","meta":[],"categories":[1],"tags":[],"_links":{"self":[{"href":"http:\/\/www.radiodigitaltamazunchale.com\/landing\/wp-json\/wp\/v2\/posts\/35889"}],"collection":[{"href":"http:\/\/www.radiodigitaltamazunchale.com\/landing\/wp-json\/wp\/v2\/posts"}],"about":[{"href":"http:\/\/www.radiodigitaltamazunchale.com\/landing\/wp-json\/wp\/v2\/types\/post"}],"author":[{"embeddable":true,"href":"http:\/\/www.radiodigitaltamazunchale.com\/landing\/wp-json\/wp\/v2\/users\/1"}],"replies":[{"embeddable":true,"href":"http:\/\/www.radiodigitaltamazunchale.com\/landing\/wp-json\/wp\/v2\/comments?post=35889"}],"version-history":[{"count":1,"href":"http:\/\/www.radiodigitaltamazunchale.com\/landing\/wp-json\/wp\/v2\/posts\/35889\/revisions"}],"predecessor-version":[{"id":35891,"href":"http:\/\/www.radiodigitaltamazunchale.com\/landing\/wp-json\/wp\/v2\/posts\/35889\/revisions\/35891"}],"wp:featuredmedia":[{"embeddable":true,"href":"http:\/\/www.radiodigitaltamazunchale.com\/landing\/wp-json\/wp\/v2\/media\/35890"}],"wp:attachment":[{"href":"http:\/\/www.radiodigitaltamazunchale.com\/landing\/wp-json\/wp\/v2\/media?parent=35889"}],"wp:term":[{"taxonomy":"category","embeddable":true,"href":"http:\/\/www.radiodigitaltamazunchale.com\/landing\/wp-json\/wp\/v2\/categories?post=35889"},{"taxonomy":"post_tag","embeddable":true,"href":"http:\/\/www.radiodigitaltamazunchale.com\/landing\/wp-json\/wp\/v2\/tags?post=35889"}],"curies":[{"name":"wp","href":"https:\/\/api.w.org\/{rel}","templated":true}]}}