{"id":35938,"date":"2020-07-03T16:29:14","date_gmt":"2020-07-03T22:29:14","guid":{"rendered":"http:\/\/www.radiodigitaltamazunchale.com\/landing\/?p=35938"},"modified":"2020-07-03T16:29:15","modified_gmt":"2020-07-03T22:29:15","slug":"necesario-defender-las-instituciones-de-nuestro-pais-y-fortalecer-la-libre-expresion-y-la-democracia-en-el-pais-dip-rolando-hervert-lara","status":"publish","type":"post","link":"http:\/\/www.radiodigitaltamazunchale.com\/landing\/uncategorized\/necesario-defender-las-instituciones-de-nuestro-pais-y-fortalecer-la-libre-expresion-y-la-democracia-en-el-pais-dip-rolando-hervert-lara\/","title":{"rendered":"NECESARIO DEFENDER LAS INSTITUCIONES DE NUESTRO PA\u00cdS Y FORTALECER LA LIBRE EXPRESI\u00d3N Y LA DEMOCRACIA EN EL PA\u00cdS: DIP. ROLANDO HERVERT LARA."},"content":{"rendered":"\n<p><strong>PARTICIP\u00d3 EN REUNI\u00d3N PLENARIA DE LEGISLADORES DEL PAN, EN DONDE<\/strong><\/p>\n\n\n\n<p><strong>SE ANALIZ\u00d3 LA SITUACI\u00d3N ECON\u00d3MICA DEL PA\u00cdS, LA ERRADICACI\u00d3N DE LA VIOLENCIA EN CONTRA DE LAS MUJERES, GOBERNANZA EMOCIONAL Y LA LEY VERDE<\/strong><\/p>\n\n\n\n<p>El diputado Rolando Hervert Lara, coordinador del Grupo Parlamentario del Partido Acci\u00f3n Nacional en el Congreso del Estado, manifest\u00f3 que es momento de defender las instituciones de nuestro pa\u00eds y fortalecer la libre expresi\u00f3n y la democracia, que tanto nos ha costado construir.<br><br>Al realizar la reuni\u00f3n plenaria de diputados locales del PAN, Hervert Lara se\u00f1al\u00f3 que es momento de evitar que desde el Gobierno Federal se siga haciendo mal uso de los recursos p\u00fablicos, y que se pretenda eliminar libertades y mantener un crecimiento de la pobreza en el pa\u00eds para fortalecer una clientela electoral, como ocurre hoy en nuestro pa\u00eds.<br><br>&nbsp;\u201cNo podemos quedarnos sentados de brazos cruzados mientras vemos como suprimen todos los restos de libertad que hemos podido construir; tenemos obligaciones con nuestra patria, y la primera de ellas es defender nuestras instituciones, nuestra libertad y la democracia que tanto nos ha costado construir\u201d, subray\u00f3.<\/p>\n\n\n\n<p>Invit\u00f3 a las legisladoras y los legisladores a caminar juntos, pero sobretodo, a caminar con la sociedad y hacer lo que les toca hacer para resolver los grandes problemas que enfrentan y que no solucionar\u00e1n quienes le apuestan a mantener y crecer la pobreza en \u00e9ste pa\u00eds.<\/p>\n\n\n\n<p>En esta reuni\u00f3n, se revisaron tambi\u00e9n los avances en la agenda legislativa que de manera coordinada aterrizan en los estados, y en la cual se analiz\u00f3 la situaci\u00f3n econ\u00f3mica del pa\u00eds, la erradicaci\u00f3n de la violencia en contra de las mujeres, gobernanza emocional y la Ley Verde, que se enfoca a la mala decisi\u00f3n de enfocar mayores impuestos a la energ\u00edas limpias.<\/p>\n\n\n\n<p>La segunda circunscripci\u00f3n, que coordina el diputado Rolando Hervert Lara, comprende los estados de Aguascalientes, Coahuila, Guanajuato, Nuevo Le\u00f3n, Quer\u00e9taro, San Luis Potos\u00ed, Tamaulipas y Zacatecas; en la que se integran 101 diputadas y diputados locales.<\/p>\n\n\n\n<p>El gobernador de Tamaulipas, Francisco Javier Cabeza de Vaca solicit\u00f3 a los diputados de la segunda circunscripci\u00f3n su apoyo para defender la inversi\u00f3n en energ\u00edas limpias; y la ex diputada, Aurora Aguilar hizo hincapi\u00e9 en el avance que las y los legisladores de Acci\u00f3n Nacional han tenido en el lenguaje incluyente y en la lucha por la erradicaci\u00f3n de la violencia de genero.<\/p>\n\n\n\n<p>El Coordinador Nacional de Diputados Locales, Edgar Olvera Higuera hizo un reconocimiento a las y los legisladores de Acci\u00f3n Nacional de esta circunscripci\u00f3n, por fortalecer una agenda ciudadana, dando muestras de responsabilidad y compromiso con las y los mexicanos.<\/p>\n","protected":false},"excerpt":{"rendered":"<p>PARTICIP\u00d3 EN REUNI\u00d3N PLENARIA DE LEGISLADORES DEL PAN, EN DONDE SE ANALIZ\u00d3 LA SITUACI\u00d3N ECON\u00d3MICA DEL PA\u00cdS, LA ERRADICACI\u00d3N DE<\/p>\n","protected":false},"author":1,"featured_media":35939,"comment_status":"open","ping_status":"open","sticky":false,"template":"","format":"standard","meta":[],"categories":[1],"tags":[],"_links":{"self":[{"href":"http:\/\/www.radiodigitaltamazunchale.com\/landing\/wp-json\/wp\/v2\/posts\/35938"}],"collection":[{"href":"http:\/\/www.radiodigitaltamazunchale.com\/landing\/wp-json\/wp\/v2\/posts"}],"about":[{"href":"http:\/\/www.radiodigitaltamazunchale.com\/landing\/wp-json\/wp\/v2\/types\/post"}],"author":[{"embeddable":true,"href":"http:\/\/www.radiodigitaltamazunchale.com\/landing\/wp-json\/wp\/v2\/users\/1"}],"replies":[{"embeddable":true,"href":"http:\/\/www.radiodigitaltamazunchale.com\/landing\/wp-json\/wp\/v2\/comments?post=35938"}],"version-history":[{"count":1,"href":"http:\/\/www.radiodigitaltamazunchale.com\/landing\/wp-json\/wp\/v2\/posts\/35938\/revisions"}],"predecessor-version":[{"id":35940,"href":"http:\/\/www.radiodigitaltamazunchale.com\/landing\/wp-json\/wp\/v2\/posts\/35938\/revisions\/35940"}],"wp:featuredmedia":[{"embeddable":true,"href":"http:\/\/www.radiodigitaltamazunchale.com\/landing\/wp-json\/wp\/v2\/media\/35939"}],"wp:attachment":[{"href":"http:\/\/www.radiodigitaltamazunchale.com\/landing\/wp-json\/wp\/v2\/media?parent=35938"}],"wp:term":[{"taxonomy":"category","embeddable":true,"href":"http:\/\/www.radiodigitaltamazunchale.com\/landing\/wp-json\/wp\/v2\/categories?post=35938"},{"taxonomy":"post_tag","embeddable":true,"href":"http:\/\/www.radiodigitaltamazunchale.com\/landing\/wp-json\/wp\/v2\/tags?post=35938"}],"curies":[{"name":"wp","href":"https:\/\/api.w.org\/{rel}","templated":true}]}}