{"id":36000,"date":"2020-07-06T18:30:52","date_gmt":"2020-07-07T00:30:52","guid":{"rendered":"http:\/\/www.radiodigitaltamazunchale.com\/landing\/?p=36000"},"modified":"2020-07-06T18:30:54","modified_gmt":"2020-07-07T00:30:54","slug":"hasta-el-momento-no-se-ha-recibido-en-el-congreso-del-estado-comunicacion-oficial-del-dip-pedro-cesar-carrizales-sobre-una-ausencia-temporal-o-defintiva-dip-martin-juarez","status":"publish","type":"post","link":"http:\/\/www.radiodigitaltamazunchale.com\/landing\/uncategorized\/hasta-el-momento-no-se-ha-recibido-en-el-congreso-del-estado-comunicacion-oficial-del-dip-pedro-cesar-carrizales-sobre-una-ausencia-temporal-o-defintiva-dip-martin-juarez\/","title":{"rendered":"HASTA EL MOMENTO NO SE HA RECIBIDO EN EL CONGRESO DEL ESTADO COMUNICACI\u00d3N OFICIAL DEL DIP. PEDRO CESAR CARRIZALES SOBRE UNA AUSENCIA TEMPORAL O DEFINTIVA: DIP. MART\u00cdN JU\u00c1REZ"},"content":{"rendered":"\n<p><strong>SIGUE EN PIE LA POSIBILIDAD DE LLEVAR A CABO UNA SESI\u00d3N EXTRAORDINARIA PRESENCIAL ESTE MES<\/strong><\/p>\n\n\n\n<p>El presidente de la Directiva diputado Mart\u00edn Ju\u00e1rez C\u00f3rdova asegur\u00f3 que hasta el momento no se ha recibido oficialmente ninguna comunicaci\u00f3n del diputado Pedro C\u00e9sar Carrizales Becerra para notificar una ausencia temporal o definitiva de su encargo.<\/p>\n\n\n\n<p>La comisi\u00f3n de Derechos Humanos, Igualdad y G\u00e9nero que preside, contin\u00faa desahogando diversos asuntos \u201cincluso la semana pasada el diputado estuvo trabajando en la elaboraci\u00f3n de dict\u00e1menes que ya se encuentran en Servicios Parlamentarios\u201d.<\/p>\n\n\n\n<p>\u201cEn caso de que el compa\u00f1ero diputado decida retirarse de su encargo, deber\u00e1 mediar un documento con solicitud de licencia donde establezca los tiempos para retirarse y como se trata de una f\u00f3rmula, deber\u00e1 entonces llamarse al suplente\u201d.<\/p>\n\n\n\n<p>El legislador Mart\u00edn Ju\u00e1rez se\u00f1al\u00f3 que el diputado Pedro C\u00e9sar Carrizales no es parte de la Diputaci\u00f3n Permanente que sesionar\u00e1 el pr\u00f3ximo jueves y en caso de que se lleven a cabo actividades presenciales, ser\u00e1 convocado para que se presente.<\/p>\n\n\n\n<p>\u201cSigue en pie la posibilidad de un Periodo Extraordinario de Sesiones para el 15, 16 o 17 de Julio y ah\u00ed ser\u00e1n llamados los 27 legisladores, a\u00f1adi\u00f3.<\/p>\n","protected":false},"excerpt":{"rendered":"<p>SIGUE EN PIE LA POSIBILIDAD DE LLEVAR A CABO UNA SESI\u00d3N EXTRAORDINARIA PRESENCIAL ESTE MES El presidente de la Directiva<\/p>\n","protected":false},"author":1,"featured_media":36001,"comment_status":"open","ping_status":"open","sticky":false,"template":"","format":"standard","meta":[],"categories":[1],"tags":[],"_links":{"self":[{"href":"http:\/\/www.radiodigitaltamazunchale.com\/landing\/wp-json\/wp\/v2\/posts\/36000"}],"collection":[{"href":"http:\/\/www.radiodigitaltamazunchale.com\/landing\/wp-json\/wp\/v2\/posts"}],"about":[{"href":"http:\/\/www.radiodigitaltamazunchale.com\/landing\/wp-json\/wp\/v2\/types\/post"}],"author":[{"embeddable":true,"href":"http:\/\/www.radiodigitaltamazunchale.com\/landing\/wp-json\/wp\/v2\/users\/1"}],"replies":[{"embeddable":true,"href":"http:\/\/www.radiodigitaltamazunchale.com\/landing\/wp-json\/wp\/v2\/comments?post=36000"}],"version-history":[{"count":1,"href":"http:\/\/www.radiodigitaltamazunchale.com\/landing\/wp-json\/wp\/v2\/posts\/36000\/revisions"}],"predecessor-version":[{"id":36002,"href":"http:\/\/www.radiodigitaltamazunchale.com\/landing\/wp-json\/wp\/v2\/posts\/36000\/revisions\/36002"}],"wp:featuredmedia":[{"embeddable":true,"href":"http:\/\/www.radiodigitaltamazunchale.com\/landing\/wp-json\/wp\/v2\/media\/36001"}],"wp:attachment":[{"href":"http:\/\/www.radiodigitaltamazunchale.com\/landing\/wp-json\/wp\/v2\/media?parent=36000"}],"wp:term":[{"taxonomy":"category","embeddable":true,"href":"http:\/\/www.radiodigitaltamazunchale.com\/landing\/wp-json\/wp\/v2\/categories?post=36000"},{"taxonomy":"post_tag","embeddable":true,"href":"http:\/\/www.radiodigitaltamazunchale.com\/landing\/wp-json\/wp\/v2\/tags?post=36000"}],"curies":[{"name":"wp","href":"https:\/\/api.w.org\/{rel}","templated":true}]}}