{"id":36003,"date":"2020-07-06T18:48:22","date_gmt":"2020-07-07T00:48:22","guid":{"rendered":"http:\/\/www.radiodigitaltamazunchale.com\/landing\/?p=36003"},"modified":"2020-07-06T18:48:23","modified_gmt":"2020-07-07T00:48:23","slug":"a-un-mes-de-los-actos-de-vandalismo-en-el-recinto-legislativo-de-plaza-de-armas-la-fiscalia-general-del-estado-no-entrega-resultados-dip-rolando-hervert-lara","status":"publish","type":"post","link":"http:\/\/www.radiodigitaltamazunchale.com\/landing\/uncategorized\/a-un-mes-de-los-actos-de-vandalismo-en-el-recinto-legislativo-de-plaza-de-armas-la-fiscalia-general-del-estado-no-entrega-resultados-dip-rolando-hervert-lara\/","title":{"rendered":"A UN MES DE LOS ACTOS DE VANDALISMO EN EL RECINTO LEGISLATIVO DE PLAZA DE ARMAS, LA FISCAL\u00cdA GENERAL DEL ESTADO NO ENTREGA RESULTADOS: DIP. ROLANDO HERVERT LARA"},"content":{"rendered":"\n<p><strong>EL FISCAL GENERAL DEL ESTADO Y EL SECRETARIO DE SEGURIDAD DEBEN COMPARECER ANTE DIPUTADOS PARA QUE INFORMEN SOBRE LAS INVESTIGACIONES<\/strong><\/p>\n\n\n\n<p>\u201cEl Congreso del Estado sigue esperando resultados de la Fiscal\u00eda General del Estado (FGE) en torno al vandalismo que se present\u00f3 el pasado 5 de junio, porque a un mes de lo ocurrido no tenemos resultados de los avances en la investigaci\u00f3n\u201d.<\/p>\n\n\n\n<p>Lo anterior fue manifestado por el diputado Rolando Hervert Lara, presidente de la Junta de Coordinaci\u00f3n Pol\u00edtica (JUCOPO) del Congreso del Estado, quien dijo que solicitar\u00e1 la comparecencia del Fiscal General Federico Garza Herrera y del Secretario de Seguridad P\u00fablica Jaime Pineda Arteaga, con el fin de que expliquen a detalle la investigaci\u00f3n que se realiza.<\/p>\n\n\n\n<p>Coment\u00f3 que en este momento existe un plazo de investigaci\u00f3n complementaria de cuatro meses, sin embargo, \u201cel Poder Legislativo tiene derecho a conocer los avances en la investigaci\u00f3n y seguimos esperando una respuesta de la Fiscal\u00eda\u201d.<\/p>\n\n\n\n<p>Advirti\u00f3 que si piensan que pueden dejar pasar el tiempo y que el tema se va a olvidar, \u201cest\u00e1n muy equivocados, porque el Congreso del<br>Estado no quitar\u00e1 el dedo del rengl\u00f3n hasta que se castigue a los responsables del vandalismo y los da\u00f1os ocasionados al edificio del pleno\u201d.<\/p>\n","protected":false},"excerpt":{"rendered":"<p>EL FISCAL GENERAL DEL ESTADO Y EL SECRETARIO DE SEGURIDAD DEBEN COMPARECER ANTE DIPUTADOS PARA QUE INFORMEN SOBRE LAS INVESTIGACIONES<\/p>\n","protected":false},"author":1,"featured_media":36004,"comment_status":"open","ping_status":"open","sticky":false,"template":"","format":"standard","meta":[],"categories":[1],"tags":[],"_links":{"self":[{"href":"http:\/\/www.radiodigitaltamazunchale.com\/landing\/wp-json\/wp\/v2\/posts\/36003"}],"collection":[{"href":"http:\/\/www.radiodigitaltamazunchale.com\/landing\/wp-json\/wp\/v2\/posts"}],"about":[{"href":"http:\/\/www.radiodigitaltamazunchale.com\/landing\/wp-json\/wp\/v2\/types\/post"}],"author":[{"embeddable":true,"href":"http:\/\/www.radiodigitaltamazunchale.com\/landing\/wp-json\/wp\/v2\/users\/1"}],"replies":[{"embeddable":true,"href":"http:\/\/www.radiodigitaltamazunchale.com\/landing\/wp-json\/wp\/v2\/comments?post=36003"}],"version-history":[{"count":1,"href":"http:\/\/www.radiodigitaltamazunchale.com\/landing\/wp-json\/wp\/v2\/posts\/36003\/revisions"}],"predecessor-version":[{"id":36005,"href":"http:\/\/www.radiodigitaltamazunchale.com\/landing\/wp-json\/wp\/v2\/posts\/36003\/revisions\/36005"}],"wp:featuredmedia":[{"embeddable":true,"href":"http:\/\/www.radiodigitaltamazunchale.com\/landing\/wp-json\/wp\/v2\/media\/36004"}],"wp:attachment":[{"href":"http:\/\/www.radiodigitaltamazunchale.com\/landing\/wp-json\/wp\/v2\/media?parent=36003"}],"wp:term":[{"taxonomy":"category","embeddable":true,"href":"http:\/\/www.radiodigitaltamazunchale.com\/landing\/wp-json\/wp\/v2\/categories?post=36003"},{"taxonomy":"post_tag","embeddable":true,"href":"http:\/\/www.radiodigitaltamazunchale.com\/landing\/wp-json\/wp\/v2\/tags?post=36003"}],"curies":[{"name":"wp","href":"https:\/\/api.w.org\/{rel}","templated":true}]}}