{"id":36068,"date":"2020-07-07T11:24:09","date_gmt":"2020-07-07T17:24:09","guid":{"rendered":"http:\/\/www.radiodigitaltamazunchale.com\/landing\/?p=36068"},"modified":"2020-07-08T11:34:16","modified_gmt":"2020-07-08T17:34:16","slug":"inicio-centro-de-justicia-con-circulo-de-lecturas-feministas","status":"publish","type":"post","link":"http:\/\/www.radiodigitaltamazunchale.com\/landing\/uncategorized\/inicio-centro-de-justicia-con-circulo-de-lecturas-feministas\/","title":{"rendered":"INICI\u00d3 CENTRO DE JUSTICIA CON CIRCULO DE LECTURAS FEMINISTAS"},"content":{"rendered":"\n<ul><li><strong>Se lleva a cabo todos los lunes de julio a las 17:00 horas.<\/strong><\/li><\/ul>\n\n\n\n<p>Con la intenci\u00f3n de promover lecturas feministas que permitan reflexionar en torno a la equidad e igualdad de g\u00e9nero, el Centro de Justicia para las Mujeres (CJM) inici\u00f3 con sesiones v\u00eda zoom del C\u00edrculo de lectura feminista para el empoderamiento, inform\u00f3 Julieta M\u00e9ndez Salas, titular de la dependencia.<\/p>\n\n\n\n<p>La funcionaria explic\u00f3 que, todos los lunes de julio se realizar\u00e1n estos c\u00edrculos de lectura, donde se reflexionar\u00e1 sobre temas como perspectiva de g\u00e9nero, historia y g\u00e9nero, sistema sexo-g\u00e9nero, corporalidad, decolonialidad, interseccionalidad, heterosexualidad y lesbianismo.<\/p>\n\n\n\n<p>En este sentido, consider\u00f3 que el empoderamiento de las mujeres no puede ser integral sin la comprensi\u00f3n de la perspectiva de g\u00e9nero y los diversos enfoques feministas que han logrado visibilizar la desigualdad que viven por el simple hecho de serlo.<\/p>\n\n\n\n<p>M\u00e9ndez Salas abund\u00f3 que, si las mujeres est\u00e1n bien informadas y actualizadas sobre estos temas, les permitir\u00e1 comprender la necesidad del empoderamiento individual y colectivo.<\/p>\n\n\n\n<p>Este programa que encabeza el Centro de Justicia arranc\u00f3 este 06 de julio y se trabajar\u00e1 todos los lunes v\u00eda zoom a las 17 horas, con el prop\u00f3sito de que las mujeres puedan conocer enfoques de distintos feminismos, as\u00ed como las discusiones actuales en torno al g\u00e9nero.<\/p>\n\n\n\n<p>Asimismo, la metodolog\u00eda que se utilizar\u00e1 en los c\u00edrculos de lectura permitir\u00e1 de forma inmediata, la reflexi\u00f3n colectiva de temas espec\u00edficos y a largo plazo, as\u00ed como la consolidaci\u00f3n de cambios en el pensamiento de quienes participan en estas actividades.<\/p>\n","protected":false},"excerpt":{"rendered":"<p>Se lleva a cabo todos los lunes de julio a las 17:00 horas. Con la intenci\u00f3n de promover lecturas feministas<\/p>\n","protected":false},"author":2,"featured_media":36069,"comment_status":"open","ping_status":"open","sticky":false,"template":"","format":"standard","meta":[],"categories":[1],"tags":[],"_links":{"self":[{"href":"http:\/\/www.radiodigitaltamazunchale.com\/landing\/wp-json\/wp\/v2\/posts\/36068"}],"collection":[{"href":"http:\/\/www.radiodigitaltamazunchale.com\/landing\/wp-json\/wp\/v2\/posts"}],"about":[{"href":"http:\/\/www.radiodigitaltamazunchale.com\/landing\/wp-json\/wp\/v2\/types\/post"}],"author":[{"embeddable":true,"href":"http:\/\/www.radiodigitaltamazunchale.com\/landing\/wp-json\/wp\/v2\/users\/2"}],"replies":[{"embeddable":true,"href":"http:\/\/www.radiodigitaltamazunchale.com\/landing\/wp-json\/wp\/v2\/comments?post=36068"}],"version-history":[{"count":1,"href":"http:\/\/www.radiodigitaltamazunchale.com\/landing\/wp-json\/wp\/v2\/posts\/36068\/revisions"}],"predecessor-version":[{"id":36070,"href":"http:\/\/www.radiodigitaltamazunchale.com\/landing\/wp-json\/wp\/v2\/posts\/36068\/revisions\/36070"}],"wp:featuredmedia":[{"embeddable":true,"href":"http:\/\/www.radiodigitaltamazunchale.com\/landing\/wp-json\/wp\/v2\/media\/36069"}],"wp:attachment":[{"href":"http:\/\/www.radiodigitaltamazunchale.com\/landing\/wp-json\/wp\/v2\/media?parent=36068"}],"wp:term":[{"taxonomy":"category","embeddable":true,"href":"http:\/\/www.radiodigitaltamazunchale.com\/landing\/wp-json\/wp\/v2\/categories?post=36068"},{"taxonomy":"post_tag","embeddable":true,"href":"http:\/\/www.radiodigitaltamazunchale.com\/landing\/wp-json\/wp\/v2\/tags?post=36068"}],"curies":[{"name":"wp","href":"https:\/\/api.w.org\/{rel}","templated":true}]}}