{"id":36074,"date":"2020-07-08T16:35:07","date_gmt":"2020-07-08T22:35:07","guid":{"rendered":"http:\/\/www.radiodigitaltamazunchale.com\/landing\/?p=36074"},"modified":"2020-07-08T16:35:09","modified_gmt":"2020-07-08T22:35:09","slug":"impulsaran-leyes-a-favor-de-personas-con-discapacidad-dip-martin-juarez-cordova","status":"publish","type":"post","link":"http:\/\/www.radiodigitaltamazunchale.com\/landing\/uncategorized\/impulsaran-leyes-a-favor-de-personas-con-discapacidad-dip-martin-juarez-cordova\/","title":{"rendered":"IMPULSAR\u00c1N LEYES A FAVOR DE PERSONAS CON DISCAPACIDAD: DIP. MART\u00cdN JU\u00c1REZ C\u00d3RDOVA"},"content":{"rendered":"\n<p><strong>PRESIDENTE DE LA DIRECTIVA DEL CONGRESO DEL ESTADO, SOSTUVO REUNI\u00d3N DE TRABAJO CON EL PRESIDENTE DE LA CEDH Y REPRESENTANTES DE LA FUNDACI\u00d3N \u201cGILBERTO RINC\u00d3N GALLARDO\u201d.<\/strong><\/p>\n\n\n\n<p>Para trabajar de manera conjunta en el fortalecimiento del marco jur\u00eddico para beneficio de las personas con discapacidad en el estado, el diputado Mart\u00edn Ju\u00e1rez C\u00f3rdova, presidente de la Directiva del Congreso del Estado, sostuvo una reuni\u00f3n de trabajo con el titular de la Comisi\u00f3n Estatal de Derechos Humanos (CEDH), Jorge Andr\u00e9s L\u00f3pez Espinosa; y miembros de la Fundaci\u00f3n \u201cGilberto Rinc\u00f3n Gallardo\u201d.<\/p>\n\n\n\n<p>Indic\u00f3 que el objetivo es contar con opiniones por parte de las personas con discapacidad para realizar las adecuaciones a la legislaci\u00f3n que sean necesarias, trabajando de manera conjunta para el desarrollo de cada uno de los procesos y consultas que sean requeridas.<\/p>\n\n\n\n<p>Record\u00f3 que de acuerdo a la Convenci\u00f3n de los Derechos de las Personas con Discapacidad, se establece que en la elaboraci\u00f3n y aplicaci\u00f3n de legislaci\u00f3n y pol\u00edticas y decisiones&nbsp; sobre cuestiones relacionadas con las personas con discapacidad, los Estados Partes como es M\u00e9xico, deber\u00e1n celebrar consultas estrechas y colaborar\u00e1n activamente con las personas con discapacidad, incluidos los ni\u00f1os y las ni\u00f1as con discapacidad, a trav\u00e9s de las organizaciones que las representan.<\/p>\n\n\n\n<p>En este sentido, se\u00f1al\u00f3 que en San Luis Potos\u00ed, se encuentra establecido el Mecanismo Independiente de Monitoreo Estatal, (MIME) en el que participa la Comisi\u00f3n Estatal de Derechos Humanos y algunas organizaciones representativas de personas con discapacidad, que trabaja en la formulaci\u00f3n de propuestas de actividades para el cumplimiento de la Convenci\u00f3n de los Derechos de las Personas con Discapacidad y en presentar sugerencias relacionadas con la promoci\u00f3n del respeto a los&nbsp; derechos humanos de las personas con discapacidad.<\/p>\n\n\n\n<p>\u00abEsto quiere decir que se deben consultar aquellas iniciativas, aquellas propuestas de ley que se hagan y que vayan dirigidas a las personas con discapacidad; sabemos que debe haber un proceso de consulta con base en la Convenci\u00f3n Internacional, entonces tambi\u00e9n est\u00e1 un mecanismo de seguimiento (MIME) para cuidar no vulnerar con la buena intenci\u00f3n en ocasiones de generar&nbsp; un marco normativo a las personas con discapacidad\u00bb.<\/p>\n\n\n\n<p>Dijo que con ello se busca garantizar la frase \u00abNada de nosotros sin nosotros\u00bb, en donde se busca y promueve la inclusi\u00f3n de las personas con discapacidad en las acciones que puedan desarrollarse para que cuenten con sus opiniones y sugerencias, por lo cual se mantendr\u00e1 la coordinaci\u00f3n para el an\u00e1lisis de propuestas al interior del Poder Legislativo.<\/p>\n","protected":false},"excerpt":{"rendered":"<p>PRESIDENTE DE LA DIRECTIVA DEL CONGRESO DEL ESTADO, SOSTUVO REUNI\u00d3N DE TRABAJO CON EL PRESIDENTE DE LA CEDH Y REPRESENTANTES<\/p>\n","protected":false},"author":1,"featured_media":36075,"comment_status":"open","ping_status":"open","sticky":false,"template":"","format":"standard","meta":[],"categories":[1],"tags":[],"_links":{"self":[{"href":"http:\/\/www.radiodigitaltamazunchale.com\/landing\/wp-json\/wp\/v2\/posts\/36074"}],"collection":[{"href":"http:\/\/www.radiodigitaltamazunchale.com\/landing\/wp-json\/wp\/v2\/posts"}],"about":[{"href":"http:\/\/www.radiodigitaltamazunchale.com\/landing\/wp-json\/wp\/v2\/types\/post"}],"author":[{"embeddable":true,"href":"http:\/\/www.radiodigitaltamazunchale.com\/landing\/wp-json\/wp\/v2\/users\/1"}],"replies":[{"embeddable":true,"href":"http:\/\/www.radiodigitaltamazunchale.com\/landing\/wp-json\/wp\/v2\/comments?post=36074"}],"version-history":[{"count":1,"href":"http:\/\/www.radiodigitaltamazunchale.com\/landing\/wp-json\/wp\/v2\/posts\/36074\/revisions"}],"predecessor-version":[{"id":36076,"href":"http:\/\/www.radiodigitaltamazunchale.com\/landing\/wp-json\/wp\/v2\/posts\/36074\/revisions\/36076"}],"wp:featuredmedia":[{"embeddable":true,"href":"http:\/\/www.radiodigitaltamazunchale.com\/landing\/wp-json\/wp\/v2\/media\/36075"}],"wp:attachment":[{"href":"http:\/\/www.radiodigitaltamazunchale.com\/landing\/wp-json\/wp\/v2\/media?parent=36074"}],"wp:term":[{"taxonomy":"category","embeddable":true,"href":"http:\/\/www.radiodigitaltamazunchale.com\/landing\/wp-json\/wp\/v2\/categories?post=36074"},{"taxonomy":"post_tag","embeddable":true,"href":"http:\/\/www.radiodigitaltamazunchale.com\/landing\/wp-json\/wp\/v2\/tags?post=36074"}],"curies":[{"name":"wp","href":"https:\/\/api.w.org\/{rel}","templated":true}]}}