{"id":36086,"date":"2020-07-08T19:35:47","date_gmt":"2020-07-09T01:35:47","guid":{"rendered":"http:\/\/www.radiodigitaltamazunchale.com\/landing\/?p=36086"},"modified":"2020-07-08T19:35:48","modified_gmt":"2020-07-09T01:35:48","slug":"ante-laudos-municipios-deben-reforzar-servicio-civil-de-carrera-cefim","status":"publish","type":"post","link":"http:\/\/www.radiodigitaltamazunchale.com\/landing\/uncategorized\/ante-laudos-municipios-deben-reforzar-servicio-civil-de-carrera-cefim\/","title":{"rendered":"ANTE LAUDOS, MUNICIPIOS DEBEN REFORZAR SERVICIO CIVIL DE CARRERA: CEFIM"},"content":{"rendered":"\n<ul><li><strong>Ciudad del Ma\u00edz, \u00c9bano, Tampac\u00e1n, Vanegas, Armadillo de los Infante, San Luis Potos\u00ed, Ciudad Valles, Tamazunchale, Santa Mar\u00eda del R\u00edo y Soledad de Graciano S\u00e1nchez enfrentan laudos laborales por arriba de los 6 mdp.<\/strong><\/li><li><strong>CEFIM realiz\u00f3 foro virtual \u201cLaudos Laborales en el municipio\u201d con una audiencia de m\u00e1s de cien funcionarios.<\/strong><\/li><li><strong>Se destac\u00f3 que el despido injustificado de trabajadores en cada cambio de trienio da como resultado el pago de cantidades estratosf\u00e9ricas derivado de las sentencias por laudos laborales.<\/strong><\/li><\/ul>\n\n\n\n<p>El 100 por ciento de los Ayuntamientos del Estado enfrentan problemas por laudos laborales, por lo que este mi\u00e9rcoles, la Coordinaci\u00f3n Estatal para Fortalecimiento Institucional de los Municipios (CEFIM), organiz\u00f3 el Foro virtual \u201cLaudos Laborales\u201d, con la participaci\u00f3n de la Presidenta del Tribunal Estatal de Conciliaci\u00f3n y Arbitraje (TECA), Rosa de Guadalupe Cervantes Gamboa; el Maestro y Catedr\u00e1tico de la Universidad Aut\u00f3noma de San Luis Potos\u00ed, Domingo Auces Villapando y por parte del \u00e1rea de Asuntos Jur\u00eddicos de la Auditor\u00eda Superior del Estado (ASE), Ismael Santana Escalante, inform\u00f3 Luis Gerardo Aldaco Ortega, titular de la dependencia.<\/p>\n\n\n\n<p>El Coordinador Estatal de CEFIM, Luis Gerardo Aldaco, dijo que \u201clos laudos laborales son una carga presupuestal para las administraciones, esto representa un golpe al erario p\u00fablico, algunos heredados, sin embargo gracias a una reforma ya no pueden pasar al siguiente Ayuntamiento; por lo que en el regreso a la \u2018nueva normalidad\u2019 buscaremos realizar jornadas para las \u00e1reas administrativas que manejan el tema; en la medida que entendamos que la instituci\u00f3n no es una agencia de colocaci\u00f3n, y operemos un Servicio Civil de Carrera tendremos como resultado administraciones m\u00e1s fuertes\u201d.&nbsp;<\/p>\n\n\n\n<p>La Presidenta del Tribunal Estatal de Conciliaci\u00f3n y Arbitraje (TECA), Rosa de Guadalupe Cervantes Gamboa, asegur\u00f3 que \u201ces un tema sensible, son muy recurrentes las quejas por la ejecuci\u00f3n de los laudos, el art\u00edculo 51 establece que los municipios deben cumplir, sin embargo, las instituciones no lo acatan y debemos aplicar la ejecuci\u00f3n forzosa, esto es una contradicci\u00f3n porque los Ayuntamientos deben resguardar el estado de derecho, pero es absurdo que sea el Municipio el que se niegue a hacer valer ese derecho, por lo que tenemos que ejecutarlo de forma coercitiva, luego, cuando ejecutamos una sentencia lo toman como una cuesti\u00f3n personal, y se genera un enfrentamiento a t\u00edtulo personal.\u201d<\/p>\n\n\n\n<p>Enfatiz\u00f3 que, \u201cviene un cambio de administraci\u00f3n y aumentan las demandas, en estad\u00edsticas de 2009 al 2020; el Municipio de San Luis Potos\u00ed enfrenta 1 mil 219 demandas, esto significa que son las demandas presentadas de un trabajador o de un colectivo que vieron vulnerados sus derechos laborales, sin embargo, es un problema que se agudiza en cada cambio de trienio en todos los municipios\u201d.<\/p>\n\n\n\n<p>\u201cEs necesario que todas las instituciones podamos unir esfuerzos para realizar jornadas de capacitaci\u00f3n para dar seguimiento puntual de las prerrogativas que les otorga la Ley, es terrible que cada cambio de administraci\u00f3n se tenga que dar la separaci\u00f3n masiva de funcionarios, lo hacen de forma desordenada, violando la Ley y sin salvaguardar los derechos de los trabajadores, adem\u00e1s no se toman medidas para establecer una sanci\u00f3n para los servidores que generan estos laudos con cantidades estratosf\u00e9ricas, que no ayudan; as\u00ed en la medida que se pueda cumplimentar la Ley de Servidores P\u00fablicos, hablar\u00edamos de mayor orden\u201d, destac\u00f3 Cervantes Gamboa.<\/p>\n\n\n\n<p>Adem\u00e1s, indic\u00f3 que el ente demandado debe acreditar que el recurso proviene de la federaci\u00f3n para evitar que sean embargables.<\/p>\n\n\n\n<p>En su intervenci\u00f3n, el Maestro Domingo Auces Villalpando, plante\u00f3 que los municipios tendr\u00edan que buscar fuentes de ingreso para cubrir el presupuesto garantizado para laudos laborales y no afectar las finanzas.<\/p>\n\n\n\n<p>\u201cEl Art\u00edculo 126 de la Constituci\u00f3n que se refiere a la creaci\u00f3n de los presupuestos en el gasto y el ejercicio p\u00fablico, no se puede gastar m\u00e1s all\u00e1 de lo que no se tiene y no se ha presupuestado, y ahora la Corte te pide que crees t\u00fa presupuesto y tu concepto indemnizatorio, por lo que vemos, no es un problema de dinero sino de constitucionalidad, todos deben cumplir con el mandato constitucional, tanto el Ayuntamiento, el Congreso, y la autoridad ejecutora\u201d indic\u00f3.<\/p>\n\n\n\n<p>Tambi\u00e9n el Auditor de Asuntos Jur\u00eddicos de la ASE, Ismael Santana Escalante, detall\u00f3 que \u201ces un problema muy amplio, multifactorial, porque la ejecuci\u00f3n de un laudo es una de esas obligaciones que son compartidas, donde el Cabildo alcanza responsabilidad en caso de no cumplir con la obligaci\u00f3n, y para contrarrestar, se debe dejar constancia de las acciones implementadas ya sea para el cumplimiento o bien dejar las bases para realizar el pago gradual, lo que est\u00e1 prohibido es heredar a la siguiente admiraci\u00f3n, esto nos lleva a la inhabilitaci\u00f3n y multas que remiten al art\u00edculo 40 de la Ley de Responsabilidades de Servidores P\u00fablicos del Estado\u201d.<\/p>\n\n\n\n<p>Finalmente, agreg\u00f3 que \u201cen la medida que se dejen instrumentos coordinados para resolver este problema es que se podr\u00e1 alcanzar una forma eficaz de soluci\u00f3n, de lo contrario no se avizora a pronto plazo, pero es importante que cada uno de nosotros contribuya para que se cumpla la Ley\u201d.<\/p>\n","protected":false},"excerpt":{"rendered":"<p>Ciudad del Ma\u00edz, \u00c9bano, Tampac\u00e1n, Vanegas, Armadillo de los Infante, San Luis Potos\u00ed, Ciudad Valles, Tamazunchale, Santa Mar\u00eda del R\u00edo<\/p>\n","protected":false},"author":1,"featured_media":36087,"comment_status":"open","ping_status":"open","sticky":false,"template":"","format":"standard","meta":[],"categories":[1],"tags":[],"_links":{"self":[{"href":"http:\/\/www.radiodigitaltamazunchale.com\/landing\/wp-json\/wp\/v2\/posts\/36086"}],"collection":[{"href":"http:\/\/www.radiodigitaltamazunchale.com\/landing\/wp-json\/wp\/v2\/posts"}],"about":[{"href":"http:\/\/www.radiodigitaltamazunchale.com\/landing\/wp-json\/wp\/v2\/types\/post"}],"author":[{"embeddable":true,"href":"http:\/\/www.radiodigitaltamazunchale.com\/landing\/wp-json\/wp\/v2\/users\/1"}],"replies":[{"embeddable":true,"href":"http:\/\/www.radiodigitaltamazunchale.com\/landing\/wp-json\/wp\/v2\/comments?post=36086"}],"version-history":[{"count":1,"href":"http:\/\/www.radiodigitaltamazunchale.com\/landing\/wp-json\/wp\/v2\/posts\/36086\/revisions"}],"predecessor-version":[{"id":36088,"href":"http:\/\/www.radiodigitaltamazunchale.com\/landing\/wp-json\/wp\/v2\/posts\/36086\/revisions\/36088"}],"wp:featuredmedia":[{"embeddable":true,"href":"http:\/\/www.radiodigitaltamazunchale.com\/landing\/wp-json\/wp\/v2\/media\/36087"}],"wp:attachment":[{"href":"http:\/\/www.radiodigitaltamazunchale.com\/landing\/wp-json\/wp\/v2\/media?parent=36086"}],"wp:term":[{"taxonomy":"category","embeddable":true,"href":"http:\/\/www.radiodigitaltamazunchale.com\/landing\/wp-json\/wp\/v2\/categories?post=36086"},{"taxonomy":"post_tag","embeddable":true,"href":"http:\/\/www.radiodigitaltamazunchale.com\/landing\/wp-json\/wp\/v2\/tags?post=36086"}],"curies":[{"name":"wp","href":"https:\/\/api.w.org\/{rel}","templated":true}]}}