{"id":36098,"date":"2020-07-09T10:17:03","date_gmt":"2020-07-09T16:17:03","guid":{"rendered":"http:\/\/www.radiodigitaltamazunchale.com\/landing\/?p=36098"},"modified":"2020-07-09T10:17:08","modified_gmt":"2020-07-09T16:17:08","slug":"regreso-al-ciclo-escolar-2020-2021-sera-con-base-en-el-semaforo-epidemiologico-de-cada-entidad","status":"publish","type":"post","link":"http:\/\/www.radiodigitaltamazunchale.com\/landing\/uncategorized\/regreso-al-ciclo-escolar-2020-2021-sera-con-base-en-el-semaforo-epidemiologico-de-cada-entidad\/","title":{"rendered":"REGRESO AL CICLO ESCOLAR 2020-2021 SER\u00c1 CON BASE EN EL SEM\u00c1FORO EPIDEMIOL\u00d3GICO DE CADA ENTIDAD"},"content":{"rendered":"\n<p>Ciudad de M\u00e9xico, 9 de julio de 2020. \u00a1Padres de familia!, esta informaci\u00f3n les interesa, el Secretario de Educaci\u00f3n P\u00fablica, Esteban Moctezuma revel\u00f3 que, para garantizar la seguridad, salud e higiene de todos los estudiantes y docentes del Sistema Educativo Nacional, el inicio del Ciclo Escolar 2020-2021 se realizar\u00e1 con base en el sem\u00e1foro epidemiol\u00f3gico de cada entidad, y cuando todas las actividades est\u00e9n libres de restricciones sanitarias.<\/p>\n\n\n\n<p><br>Al encabezar la reuni\u00f3n virtual con autoridades educativas del pa\u00eds, donde se presentaron los Talleres emergentes de formaci\u00f3n docente. Itinerarios para el re-encuentro, organizado por la Comisi\u00f3n Nacional para la Mejora Continua de la Educaci\u00f3n (MEJOREDU), reiter\u00f3 que la Secretar\u00eda de Educaci\u00f3n P\u00fablica (SEP) trabajar\u00e1 para sembrar una actitud y una disciplina basadas en -Yo cuido al otro- con el uso del cubrebocas obligatorio.<\/p>\n\n\n\n<p>El aprendizaje en el uso del cubrebocas no debe de ser \u201clo uso para protegerme\u201d, sino para proteger a los dem\u00e1s, por lo que la SEP ser\u00e1 muy cuidadosa en el protocolo de regreso a clases en la Nueva Normalidad, asegur\u00f3.<\/p>\n\n\n\n<p>El Secretario coment\u00f3 que, en apoyo de maestras y maestros, particularmente quienes se ubican en grupos de riesgo, se firmar\u00e1 un convenio con el Instituto de Seguridad y Servicios Sociales de los Trabajadores del Estado (ISSSTE) para favorecer su acceso a servicios de salud y atenci\u00f3n m\u00e9dica.<\/p>\n\n\n\n<p>Moctezuma Barrag\u00e1n explic\u00f3 que los estudiantes de Educaci\u00f3n B\u00e1sica iniciar\u00e1n la actividad escolar con un curso remedial que permitir\u00e1 una nivelaci\u00f3n diagn\u00f3stica para detectar, de manera personalizada, el nivel de aprovechamiento y posibles rezagos en el aprendizaje con una duraci\u00f3n m\u00ednima de tres semanas.<\/p>\n\n\n\n<p>Coment\u00f3 que, en lo posible, las maestras y los maestros pasar\u00e1n al siguiente grado junto con sus alumnos, y se activar\u00e1 un Sistema de Alerta Temprana con el prop\u00f3sito de identificar casos de abandono escolar, para que nadie quede excluido del acceso a la educaci\u00f3n.<\/p>\n\n\n\n<p><strong>Esteban Moctezuma record\u00f3 adem\u00e1s que, para garantizar el acceso a agua y jab\u00f3n en todas las escuelas, se cuenta con el apoyo de las entidades federativas, los municipios, y del programa La Escuela es Nuestra, el cual atiende a los planteles ubicados en las regiones m\u00e1s vulnerables con recursos que podr\u00e1n invertirse en agua potable, ba\u00f1os y accesorios de higiene.<\/strong><\/p>\n\n\n\n<p>FUENTE: TV AZTECA <\/p>\n","protected":false},"excerpt":{"rendered":"<p>Ciudad de M\u00e9xico, 9 de julio de 2020. \u00a1Padres de familia!, esta informaci\u00f3n les interesa, el Secretario de Educaci\u00f3n P\u00fablica,<\/p>\n","protected":false},"author":2,"featured_media":36099,"comment_status":"open","ping_status":"open","sticky":false,"template":"","format":"standard","meta":[],"categories":[1],"tags":[],"_links":{"self":[{"href":"http:\/\/www.radiodigitaltamazunchale.com\/landing\/wp-json\/wp\/v2\/posts\/36098"}],"collection":[{"href":"http:\/\/www.radiodigitaltamazunchale.com\/landing\/wp-json\/wp\/v2\/posts"}],"about":[{"href":"http:\/\/www.radiodigitaltamazunchale.com\/landing\/wp-json\/wp\/v2\/types\/post"}],"author":[{"embeddable":true,"href":"http:\/\/www.radiodigitaltamazunchale.com\/landing\/wp-json\/wp\/v2\/users\/2"}],"replies":[{"embeddable":true,"href":"http:\/\/www.radiodigitaltamazunchale.com\/landing\/wp-json\/wp\/v2\/comments?post=36098"}],"version-history":[{"count":1,"href":"http:\/\/www.radiodigitaltamazunchale.com\/landing\/wp-json\/wp\/v2\/posts\/36098\/revisions"}],"predecessor-version":[{"id":36100,"href":"http:\/\/www.radiodigitaltamazunchale.com\/landing\/wp-json\/wp\/v2\/posts\/36098\/revisions\/36100"}],"wp:featuredmedia":[{"embeddable":true,"href":"http:\/\/www.radiodigitaltamazunchale.com\/landing\/wp-json\/wp\/v2\/media\/36099"}],"wp:attachment":[{"href":"http:\/\/www.radiodigitaltamazunchale.com\/landing\/wp-json\/wp\/v2\/media?parent=36098"}],"wp:term":[{"taxonomy":"category","embeddable":true,"href":"http:\/\/www.radiodigitaltamazunchale.com\/landing\/wp-json\/wp\/v2\/categories?post=36098"},{"taxonomy":"post_tag","embeddable":true,"href":"http:\/\/www.radiodigitaltamazunchale.com\/landing\/wp-json\/wp\/v2\/tags?post=36098"}],"curies":[{"name":"wp","href":"https:\/\/api.w.org\/{rel}","templated":true}]}}