{"id":36104,"date":"2020-07-09T11:36:22","date_gmt":"2020-07-09T17:36:22","guid":{"rendered":"http:\/\/www.radiodigitaltamazunchale.com\/landing\/?p=36104"},"modified":"2020-07-09T11:38:43","modified_gmt":"2020-07-09T17:38:43","slug":"sep-presenta-a-maestros-protocolo-de-regreso-a-clases-en-nueva-normalidad","status":"publish","type":"post","link":"http:\/\/www.radiodigitaltamazunchale.com\/landing\/uncategorized\/sep-presenta-a-maestros-protocolo-de-regreso-a-clases-en-nueva-normalidad\/","title":{"rendered":"SEP PRESENTA A MAESTROS PROTOCOLO DE REGRESO A CLASES EN NUEVA NORMALIDAD"},"content":{"rendered":"\n<p>Al volver a clases, las escuelas p\u00fablicas estar\u00e1n obligadas a proveer gel antibacterial, jab\u00f3n y agua a sus estudiantes, luego de la crisis por el coronavirus (COVID-19).<\/p>\n\n\n\n<p>Adem\u00e1s, la asistencia a clases se organizar\u00e1 por orden alfab\u00e9tico de acuerdo con el apellido de los alumnos, para evitar conglomeraciones, advirti\u00f3 la Secretar\u00eda de Educaci\u00f3n P\u00fablica (SEP).<\/p>\n\n\n\n<p>En una videoconferencia con profesores y supervisores de todo el pa\u00eds sobre el regreso a la nueva normalidad, el titular de la SEP, Esteban Moctezuma Barrag\u00e1n, present\u00f3 el protocolo que se deber\u00e1 seguir en escuelas p\u00fablicas, por ejemplo, que se deber\u00e1n aplicar tres filtros sanitarios, en la casa, al ingresar a la escuela y el sal\u00f3n de clases para evitar o prevenir los contagios por COVID.<\/p>\n\n\n\n<p>Adem\u00e1s ser\u00e1 obligatorio llevar cubrebocas o pa\u00f1uelo; se suspender\u00e1n las ceremonias c\u00edvicas y reuniones, como juntas escolares.<\/p>\n\n\n\n<p>La dependencia se\u00f1al\u00f3 que se deber\u00e1 mantener la sana distancia en entradas y salidas de los planteles escolares; record\u00f3 que los ni\u00f1os saldr\u00e1n al recreo pero de manera escalonada y que la asistencia a los cursos remediales se organizar\u00e1 por orden alfab\u00e9tico, de acuerdo con el apellido de los alumnos: lunes y mi\u00e9rcoles, los alumnos cuyos apellidos vayan de la A a la L; martes y jueves de la M a la Z y el viernes, los alumnos con mayor rezago.<\/p>\n\n\n\n<p>La estrategia de la SEP se basar\u00e1 en el cuidado del otro y la disciplina, explic\u00f3 Moctezuma Barrag\u00e1n, para evitar las confrontaciones y que los estudiantes tengan miedo de sus compa\u00f1eros.<\/p>\n\n\n\n<p>fuente: Noticieros Televisa<\/p>\n","protected":false},"excerpt":{"rendered":"<p>Al volver a clases, las escuelas p\u00fablicas estar\u00e1n obligadas a proveer gel antibacterial, jab\u00f3n y agua a sus estudiantes, luego<\/p>\n","protected":false},"author":2,"featured_media":36105,"comment_status":"open","ping_status":"open","sticky":false,"template":"","format":"standard","meta":[],"categories":[1],"tags":[],"_links":{"self":[{"href":"http:\/\/www.radiodigitaltamazunchale.com\/landing\/wp-json\/wp\/v2\/posts\/36104"}],"collection":[{"href":"http:\/\/www.radiodigitaltamazunchale.com\/landing\/wp-json\/wp\/v2\/posts"}],"about":[{"href":"http:\/\/www.radiodigitaltamazunchale.com\/landing\/wp-json\/wp\/v2\/types\/post"}],"author":[{"embeddable":true,"href":"http:\/\/www.radiodigitaltamazunchale.com\/landing\/wp-json\/wp\/v2\/users\/2"}],"replies":[{"embeddable":true,"href":"http:\/\/www.radiodigitaltamazunchale.com\/landing\/wp-json\/wp\/v2\/comments?post=36104"}],"version-history":[{"count":1,"href":"http:\/\/www.radiodigitaltamazunchale.com\/landing\/wp-json\/wp\/v2\/posts\/36104\/revisions"}],"predecessor-version":[{"id":36106,"href":"http:\/\/www.radiodigitaltamazunchale.com\/landing\/wp-json\/wp\/v2\/posts\/36104\/revisions\/36106"}],"wp:featuredmedia":[{"embeddable":true,"href":"http:\/\/www.radiodigitaltamazunchale.com\/landing\/wp-json\/wp\/v2\/media\/36105"}],"wp:attachment":[{"href":"http:\/\/www.radiodigitaltamazunchale.com\/landing\/wp-json\/wp\/v2\/media?parent=36104"}],"wp:term":[{"taxonomy":"category","embeddable":true,"href":"http:\/\/www.radiodigitaltamazunchale.com\/landing\/wp-json\/wp\/v2\/categories?post=36104"},{"taxonomy":"post_tag","embeddable":true,"href":"http:\/\/www.radiodigitaltamazunchale.com\/landing\/wp-json\/wp\/v2\/tags?post=36104"}],"curies":[{"name":"wp","href":"https:\/\/api.w.org\/{rel}","templated":true}]}}