{"id":36138,"date":"2020-07-10T17:06:00","date_gmt":"2020-07-10T23:06:00","guid":{"rendered":"http:\/\/www.radiodigitaltamazunchale.com\/landing\/?p=36138"},"modified":"2020-07-10T17:06:02","modified_gmt":"2020-07-10T23:06:02","slug":"comision-del-trabajo-y-prevision-social-aprobo-la-iniciativa-que-busca-expedir-la-ley-organica-del-centro-de-conciliacion-laboral-del-estado","status":"publish","type":"post","link":"http:\/\/www.radiodigitaltamazunchale.com\/landing\/uncategorized\/comision-del-trabajo-y-prevision-social-aprobo-la-iniciativa-que-busca-expedir-la-ley-organica-del-centro-de-conciliacion-laboral-del-estado\/","title":{"rendered":"COMISI\u00d3N DEL TRABAJO Y PREVISI\u00d3N SOCIAL APROB\u00d3 LA INICIATIVA QUE BUSCA EXPEDIR LA LEY ORG\u00c1NICA DEL CENTRO DE CONCILIACI\u00d3N LABORAL DEL ESTADO"},"content":{"rendered":"\n<p><strong>EL PROP\u00d3SITO DE TENER UNA LEY DEL CENTRO DE CONCILIACI\u00d3N LABORAL, M\u00c1S PR\u00d3XIMA Y CERCANA A LOS OPERADORES Y DESTINATARIOS DE LA MISMA: DIP. MARTHA BARAJAS GARC\u00cdA.<\/strong><\/p>\n\n\n\n<p><strong>SE PODR\u00c1 CREAR EL CENTRO DE CONCILIACI\u00d3N LABORAL EN EL ESTADO, EN ACATAMIENTO AL DECRETO QUE REFORMA EL ART\u00cdCULO 123, DE LA CONSTITUCI\u00d3N POL\u00cdTICA DE LOS ESTADOS UNIDOS MEXICANOS.<\/strong><\/p>\n\n\n\n<p>En reuni\u00f3n de la Comisi\u00f3n del Trabajo y Previsi\u00f3n Social del Congreso del Estado, se aprob\u00f3 la iniciativa que busca expedir la Ley Org\u00e1nica del Centro de Conciliaci\u00f3n Laboral del Estado, presentada por el Gobernador Juan Manuel Carreras L\u00f3pez, as\u00ed lo inform\u00f3 la presidenta de la comisi\u00f3n, diputada Martha Barajas Garc\u00eda.<\/p>\n\n\n\n<p>El objetivo de la iniciativa es, la creaci\u00f3n del Centro de Conciliaci\u00f3n Laboral en el Estado, en acatamiento al Decreto que reforma el art\u00edculo 123, de la Constituci\u00f3n Pol\u00edtica de los Estados Unidos Mexicanos.<\/p>\n\n\n\n<p>La legisladora inform\u00f3 que, con el prop\u00f3sito de tener una Ley del Centro de Conciliaci\u00f3n Laboral, m\u00e1s pr\u00f3xima y cercana a los operadores y destinatarios de la misma, se realizaron foros de an\u00e1lisis con abogados especializados en materia laboral, con la iniciativa privada y con una de las organizaciones de sindicatos en la Entidad; con el acompa\u00f1amiento del Secretario del Trabajo y Previsi\u00f3n Social de Gobierno del Estado, buscando contar con un conjunto normativo m\u00e1s leg\u00edtimo, enriquecido y potenciado en aras de su observancia, aplicaci\u00f3n y eficacia.<\/p>\n\n\n\n<p>Durante el an\u00e1lisis y aprobaci\u00f3n de la iniciativa, se incluyeron los puntos y opiniones que surgieron durante la realizaci\u00f3n de los foros de trabajo, entre los que se encuentra; una Direcci\u00f3n de las Tecnolog\u00edas de la Informaci\u00f3n, para desahogar las conciliaciones mediante los medios digitales para poder seguir atendiendo casos a pesar de contingencias sanitarias como la que se vive con el COVID-19, capacitaci\u00f3n en derechos humanos y equidad de g\u00e9nero al personal, integrar un \u00f3rgano consultivo permanente con representantes del sector productivo y representantes de los trabajadores.<\/p>\n\n\n\n<p>La iniciativa de ley determina que el Centro de Conciliaci\u00f3n tendr\u00e1 por objeto ofrecer el servicio p\u00fablico de conciliaci\u00f3n laboral para la resoluci\u00f3n de los conflictos entre trabajadores y patrones en asuntos del orden local, como una instancia previa al juicio ante los tribunales laborales, procurando el equilibrio entre los factores de la producci\u00f3n y ofreciendo a \u00e9stos una instancia eficaz y expedita.<\/p>\n\n\n\n<p>Entre las atribuciones, el Centro de Conciliaci\u00f3n tendr\u00e1; ofrecer el servicio p\u00fablico de conciliaci\u00f3n laboral en conflictos del orden local, Recibir solicitudes de conciliaci\u00f3n de las y los trabajadores y\/o patrones para su tr\u00e1mite, aprobar convenios entre las partes del conflicto laboral, crear conforme a su presupuesto aprobado las delegaciones del Centro de Conciliaci\u00f3n en los municipios de la Entidad, presentar anualmente al titular del Poder Ejecutivo del Estado un informe general de las actividades realizadas, as\u00ed como su proyecto de presupuesto de egresos.<\/p>\n\n\n\n<p>Para el ejercicio de las atribuciones y el despacho de los asuntos que le competen, el Centro de Conciliaci\u00f3n estar\u00e1 integrado por: una Junta de Gobierno; La Direcci\u00f3n General, y Las unidades administrativas y el personal que el Reglamento Interno y el Manual de Organizaci\u00f3n establezcan.<\/p>\n\n\n\n<p>La o el titular de la Direcci\u00f3n General del Centro de Conciliaci\u00f3n ser\u00e1 propuesto por el Titular del Poder Ejecutivo quien someter\u00e1 a la consideraci\u00f3n de la Junta de Gobierno a la persona propuesta, desempe\u00f1ar\u00e1 su cargo por cuatro a\u00f1os y podr\u00e1 ratificarse por la Junta de Gobierno por un periodo m\u00e1s, por una sola ocasi\u00f3n.<\/p>\n\n\n\n<p>No podr\u00e1 tener otro empleo, cargo o comisi\u00f3n, con excepci\u00f3n de aquellos en que act\u00fae en representaci\u00f3n de \u00e9ste, en actividades docentes, cient\u00edficas, culturales o de beneficencia y de los no remunerados.<\/p>\n\n\n\n<p>De igual manera, se contempla que, el Centro de Conciliaci\u00f3n contar\u00e1 con un Sistema Profesional de Carrera, basado en los principios de honestidad, eficiencia, capacidad y experiencia, el cual comprender\u00e1 a los servidores p\u00fablicos que el Reglamento Interno determine.<\/p>\n\n\n\n<p>El Sistema abarcar\u00e1 las fases de ingreso, promoci\u00f3n, permanencia y retiro de dichos servidores p\u00fablicos, de manera que se procurar\u00e1 la excelencia por medio de concursos y evaluaciones peri\u00f3dicas, y de acuerdo con los procedimientos y criterios establecidos en el Estado.<\/p>\n\n\n\n<p>Finalmente, la diputada Presidenta dijo que la iniciativa aprobada por los integrantes de la Comisi\u00f3n del Trabajo y Previsi\u00f3n Social, fue enviada a la Comisi\u00f3n de Puntos Constitucionales para su an\u00e1lisis y posteriormente ser enviada al pleno del Congreso del Estado, para su votaci\u00f3n.<\/p>\n","protected":false},"excerpt":{"rendered":"<p>EL PROP\u00d3SITO DE TENER UNA LEY DEL CENTRO DE CONCILIACI\u00d3N LABORAL, M\u00c1S PR\u00d3XIMA Y CERCANA A LOS OPERADORES Y DESTINATARIOS<\/p>\n","protected":false},"author":1,"featured_media":36139,"comment_status":"open","ping_status":"open","sticky":false,"template":"","format":"standard","meta":[],"categories":[1],"tags":[],"_links":{"self":[{"href":"http:\/\/www.radiodigitaltamazunchale.com\/landing\/wp-json\/wp\/v2\/posts\/36138"}],"collection":[{"href":"http:\/\/www.radiodigitaltamazunchale.com\/landing\/wp-json\/wp\/v2\/posts"}],"about":[{"href":"http:\/\/www.radiodigitaltamazunchale.com\/landing\/wp-json\/wp\/v2\/types\/post"}],"author":[{"embeddable":true,"href":"http:\/\/www.radiodigitaltamazunchale.com\/landing\/wp-json\/wp\/v2\/users\/1"}],"replies":[{"embeddable":true,"href":"http:\/\/www.radiodigitaltamazunchale.com\/landing\/wp-json\/wp\/v2\/comments?post=36138"}],"version-history":[{"count":1,"href":"http:\/\/www.radiodigitaltamazunchale.com\/landing\/wp-json\/wp\/v2\/posts\/36138\/revisions"}],"predecessor-version":[{"id":36140,"href":"http:\/\/www.radiodigitaltamazunchale.com\/landing\/wp-json\/wp\/v2\/posts\/36138\/revisions\/36140"}],"wp:featuredmedia":[{"embeddable":true,"href":"http:\/\/www.radiodigitaltamazunchale.com\/landing\/wp-json\/wp\/v2\/media\/36139"}],"wp:attachment":[{"href":"http:\/\/www.radiodigitaltamazunchale.com\/landing\/wp-json\/wp\/v2\/media?parent=36138"}],"wp:term":[{"taxonomy":"category","embeddable":true,"href":"http:\/\/www.radiodigitaltamazunchale.com\/landing\/wp-json\/wp\/v2\/categories?post=36138"},{"taxonomy":"post_tag","embeddable":true,"href":"http:\/\/www.radiodigitaltamazunchale.com\/landing\/wp-json\/wp\/v2\/tags?post=36138"}],"curies":[{"name":"wp","href":"https:\/\/api.w.org\/{rel}","templated":true}]}}