{"id":36153,"date":"2020-07-13T08:08:05","date_gmt":"2020-07-13T14:08:05","guid":{"rendered":"http:\/\/www.radiodigitaltamazunchale.com\/landing\/?p=36153"},"modified":"2020-07-13T08:11:36","modified_gmt":"2020-07-13T14:11:36","slug":"17-estados-arrancaran-la-semana-en-color-naranja-y-15-en-rojo","status":"publish","type":"post","link":"http:\/\/www.radiodigitaltamazunchale.com\/landing\/uncategorized\/17-estados-arrancaran-la-semana-en-color-naranja-y-15-en-rojo\/","title":{"rendered":"17 ESTADOS ARRANCAR\u00c1N LA SEMANA EN COLOR NARANJA Y 15 EN ROJO."},"content":{"rendered":"\n<p>Hugo L\u00f3pez-Gatell, subsecretario de Prevenci\u00f3n y Promoci\u00f3n de la Salud, no present\u00f3 tampoco este domingo el sem\u00e1foro epidemiol\u00f3gico que gu\u00eda la reapertura en M\u00e9xico, por lo que&nbsp;<a href=\"https:\/\/latinus.us\/2020\/07\/03\/5-estados-dejaran-semaforo-naranja-regresaran-rojo-proxima-semana\/\">17 estados arrancar\u00e1n la semana en color naranja y 15 en rojo.<\/a><\/p>\n\n\n\n<p>\u201cEl sem\u00e1foro vigente es el que est\u00e1 ahorita. En tanto no haya cambio de sem\u00e1foro, permanece el vigente\u201d, indic\u00f3 en la conferencia vespertina por el reporte del coronavirus.<\/p>\n\n\n\n<p>Hace dos d\u00edas, se pospuso dicha presentaci\u00f3n por \u201c<strong>inconsistencias<\/strong>\u201d en los datos de&nbsp;<strong>Covid-19&nbsp;<\/strong>en algunos estados, como afirm\u00f3 L\u00f3pez-Gatell el viernes, pero reiter\u00f3 que la informaci\u00f3n err\u00f3nea no era en las 32 entidades del pa\u00eds.<\/p>\n\n\n\n<p>Por esa declaraci\u00f3n, los&nbsp;<strong>gobernadores del Partido Acci\u00f3n Nacional<\/strong>&nbsp;pidieron tener una&nbsp;<a href=\"https:\/\/latinus.us\/2020\/07\/11\/gobernadores-pan-piden-hablar-alcocer-declaraciones-lopez-gatell\/\">\u201creuni\u00f3n urgente\u201d&nbsp;<\/a>con el titular de la&nbsp;<strong>Secretar\u00eda de Salud&nbsp;<\/strong>(<strong>Ssa<\/strong>),&nbsp;<strong>Jorge Alcocer<\/strong>, tras las declaraciones de&nbsp;<strong>L\u00f3pez-Gatell<\/strong>.<\/p>\n\n\n\n<p>\u201c\u00bfQu\u00e9 vimos en las primeras planas del d\u00eda siguiente?\u201d, cuestion\u00f3 en la conferencia de este domingo el subsecretario de Salud, y pidi\u00f3 a la prensa revisar su declaraci\u00f3n: \u201cal d\u00eda siguiente reconoc\u00ed el desempe\u00f1o de los 32 estados y coment\u00e9 la importancia de la unidad\u201d.<\/p>\n\n\n\n<h3>Estados en sem\u00e1foro naranja<\/h3>\n\n\n\n<ul><li>Aguascalientes<\/li><li>Baja California Sur<\/li><li>Campeche<\/li><li>Chihuahua<\/li><li>Ciudad de M\u00e9xico<\/li><li>Durango<\/li><li>Guerrero<\/li><li>Hidalgo<\/li><li>Jalisco<\/li><li>Morelos<\/li><li>Michoac\u00e1n<\/li><li>Oaxaca<\/li><li>Quer\u00e9taro<\/li><li>Quintana Roo<\/li><li>San Luis Potos\u00ed<\/li><li>Yucat\u00e1n<\/li><li>Zacatecas<\/li><\/ul>\n\n\n\n<h3>Estados que se quedan en sem\u00e1foro rojo<\/h3>\n\n\n\n<ul><li>Baja California<\/li><li>Chiapas<\/li><li>Coahuila<\/li><li>Colima<\/li><li>Estado de M\u00e9xico<\/li><li>Guanajuato<\/li><li>Nayarit<\/li><li>Nuevo Le\u00f3n<\/li><li>Puebla<\/li><li>Sinaloa<\/li><li>Sonora<\/li><li>Tabasco<\/li><li>Tamaulipas<\/li><li>Tlaxcala<\/li><li>Veracruz<\/li><\/ul>\n\n\n\n<h2>La pandemia va a la baja: AMLO<\/h2>\n\n\n\n<p>Horas antes, el&nbsp;presidente&nbsp;<strong>Andr\u00e9s Manuel L\u00f3pez Obrador<\/strong>, asegur\u00f3 que la&nbsp;<strong>pandemia<\/strong>&nbsp;de&nbsp;<a href=\"https:\/\/latinus.us\/2020\/07\/12\/pandemia-covid-baja-odioso-comparar-mexico-otros-paises-amlo\/\"><strong>coronavirus<\/strong>&nbsp;\u201cva a la baja y est\u00e1 perdiendo intensidad\u201d en el pa\u00eds,<\/a>&nbsp;por lo que pidi\u00f3 transitar hacia la \u201c<strong>nueva normalidad<\/strong>\u201d y \u201crecobrar nuestra libertad,&nbsp;<strong>salir a la calle<\/strong>\u201d.<\/p>\n\n\n\n<p>Pero a la par de la conferencia de L\u00f3pez-Gatell, el gobierno inform\u00f3 este domingo que en el pa\u00eds la cifra de muertos por Covid-19 subi\u00f3 a 35 mil 6, cantidad con la que rebas\u00f3 a Italia en n\u00famero de fallecimientos, que tiene 34 mil 954, seg\u00fan el conteo de la&nbsp;<a href=\"https:\/\/gisanddata.maps.arcgis.com\/apps\/opsdashboard\/index.html#\/bda7594740fd40299423467b48e9ecf6\">Universidad Johns Hopkins<\/a>.<\/p>\n\n\n\n<p>En las \u00faltimas 24 horas se reportaron 276&nbsp;<strong>fallecimientos<\/strong>&nbsp;m\u00e1s respecto al s\u00e1bado. Los casos por coronavirus aumentaron a 299 mil 750, con lo que suman 4 mil 482 nuevos contagios en M\u00e9xico.<\/p>\n\n\n\n<p>FUENTES DE INFOMACION: LATINUS<\/p>\n","protected":false},"excerpt":{"rendered":"<p>Hugo L\u00f3pez-Gatell, subsecretario de Prevenci\u00f3n y Promoci\u00f3n de la Salud, no present\u00f3 tampoco este domingo el sem\u00e1foro epidemiol\u00f3gico que gu\u00eda<\/p>\n","protected":false},"author":2,"featured_media":36154,"comment_status":"open","ping_status":"open","sticky":false,"template":"","format":"standard","meta":[],"categories":[1],"tags":[],"_links":{"self":[{"href":"http:\/\/www.radiodigitaltamazunchale.com\/landing\/wp-json\/wp\/v2\/posts\/36153"}],"collection":[{"href":"http:\/\/www.radiodigitaltamazunchale.com\/landing\/wp-json\/wp\/v2\/posts"}],"about":[{"href":"http:\/\/www.radiodigitaltamazunchale.com\/landing\/wp-json\/wp\/v2\/types\/post"}],"author":[{"embeddable":true,"href":"http:\/\/www.radiodigitaltamazunchale.com\/landing\/wp-json\/wp\/v2\/users\/2"}],"replies":[{"embeddable":true,"href":"http:\/\/www.radiodigitaltamazunchale.com\/landing\/wp-json\/wp\/v2\/comments?post=36153"}],"version-history":[{"count":2,"href":"http:\/\/www.radiodigitaltamazunchale.com\/landing\/wp-json\/wp\/v2\/posts\/36153\/revisions"}],"predecessor-version":[{"id":36156,"href":"http:\/\/www.radiodigitaltamazunchale.com\/landing\/wp-json\/wp\/v2\/posts\/36153\/revisions\/36156"}],"wp:featuredmedia":[{"embeddable":true,"href":"http:\/\/www.radiodigitaltamazunchale.com\/landing\/wp-json\/wp\/v2\/media\/36154"}],"wp:attachment":[{"href":"http:\/\/www.radiodigitaltamazunchale.com\/landing\/wp-json\/wp\/v2\/media?parent=36153"}],"wp:term":[{"taxonomy":"category","embeddable":true,"href":"http:\/\/www.radiodigitaltamazunchale.com\/landing\/wp-json\/wp\/v2\/categories?post=36153"},{"taxonomy":"post_tag","embeddable":true,"href":"http:\/\/www.radiodigitaltamazunchale.com\/landing\/wp-json\/wp\/v2\/tags?post=36153"}],"curies":[{"name":"wp","href":"https:\/\/api.w.org\/{rel}","templated":true}]}}