{"id":36157,"date":"2020-07-13T09:19:57","date_gmt":"2020-07-13T15:19:57","guid":{"rendered":"http:\/\/www.radiodigitaltamazunchale.com\/landing\/?p=36157"},"modified":"2020-07-13T09:19:58","modified_gmt":"2020-07-13T15:19:58","slug":"gobierno-de-amlo-reactiva-la-venta-de-cachitos-para-rifa-del-avion-presidencial","status":"publish","type":"post","link":"http:\/\/www.radiodigitaltamazunchale.com\/landing\/uncategorized\/gobierno-de-amlo-reactiva-la-venta-de-cachitos-para-rifa-del-avion-presidencial\/","title":{"rendered":"GOBIERNO DE AMLO REACTIVA LA VENTA DE \u2018CACHITOS\u2019 PARA RIFA DEL AVI\u00d3N PRESIDENCIAL"},"content":{"rendered":"\n<p>Ernesto Prieto, director general de la Loter\u00eda Nacional, anunci\u00f3 este lunes la reactivaci\u00f3n de la venta de los \u201ccachitos\u201d para la rifa del equivalente al avi\u00f3n presidencial.<\/p>\n\n\n\n<p>Durante la conferencia de prensa del presidente Andr\u00e9s Manuel L\u00f3pez Obrador, el funcionario record\u00f3 que&nbsp;<a href=\"https:\/\/noticieros.televisa.com\/ultimas-noticias\/inicia-venta-boletos-rifa-avion-presidencial\/\" target=\"_blank\" rel=\"noreferrer noopener\">la venta de los \u201ccachitos\u201d inici\u00f3 el 10 de marzo<\/a>, pero debido a la contingencia sanitaria por la pandemia de coronavirus se tuvo que suspender.<\/p>\n\n\n\n<blockquote class=\"wp-block-quote\"><p>\u201cYa se reactiv\u00f3 la venta en aproximadamente 66 expendedoras a nivel estado y 40 en la zona metropolitana\u201d.<\/p><\/blockquote>\n\n\n\n<p>Confirm\u00f3 que son cien premios de 20 millones de pesos cada uno, \u00a0que hacen un total de dos mil millones de pesos, y que el costo de cada \u201ccachito\u201d es de 500 pesos.<\/p>\n\n\n\n<p>Ernesto Prieto anunci\u00f3 que hasta el 10 de julio se han vendido un mill\u00f3n 355 mil \u201ccachitos\u201d.<\/p>\n\n\n\n<p>Adem\u00e1s, reiter\u00f3 que las ganancias de la rifa se destinar\u00e1n a la compra de equipo m\u00e9dico para hospitales donde se atiende de manera gratuita a la gente pobre.<\/p>\n\n\n\n<p>Refiri\u00f3 que la rifa se llevar\u00e1 a cabo el pr\u00f3ximo martes 15 de septiembre, a las 16 horas en el sal\u00f3n de sorteos de la Loter\u00eda Nacional, con una emisi\u00f3n de seis millones de \u201ccachitos\u201d.<\/p>\n","protected":false},"excerpt":{"rendered":"<p>Ernesto Prieto, director general de la Loter\u00eda Nacional, anunci\u00f3 este lunes la reactivaci\u00f3n de la venta de los \u201ccachitos\u201d para<\/p>\n","protected":false},"author":2,"featured_media":36158,"comment_status":"open","ping_status":"open","sticky":false,"template":"","format":"standard","meta":[],"categories":[1],"tags":[],"_links":{"self":[{"href":"http:\/\/www.radiodigitaltamazunchale.com\/landing\/wp-json\/wp\/v2\/posts\/36157"}],"collection":[{"href":"http:\/\/www.radiodigitaltamazunchale.com\/landing\/wp-json\/wp\/v2\/posts"}],"about":[{"href":"http:\/\/www.radiodigitaltamazunchale.com\/landing\/wp-json\/wp\/v2\/types\/post"}],"author":[{"embeddable":true,"href":"http:\/\/www.radiodigitaltamazunchale.com\/landing\/wp-json\/wp\/v2\/users\/2"}],"replies":[{"embeddable":true,"href":"http:\/\/www.radiodigitaltamazunchale.com\/landing\/wp-json\/wp\/v2\/comments?post=36157"}],"version-history":[{"count":1,"href":"http:\/\/www.radiodigitaltamazunchale.com\/landing\/wp-json\/wp\/v2\/posts\/36157\/revisions"}],"predecessor-version":[{"id":36159,"href":"http:\/\/www.radiodigitaltamazunchale.com\/landing\/wp-json\/wp\/v2\/posts\/36157\/revisions\/36159"}],"wp:featuredmedia":[{"embeddable":true,"href":"http:\/\/www.radiodigitaltamazunchale.com\/landing\/wp-json\/wp\/v2\/media\/36158"}],"wp:attachment":[{"href":"http:\/\/www.radiodigitaltamazunchale.com\/landing\/wp-json\/wp\/v2\/media?parent=36157"}],"wp:term":[{"taxonomy":"category","embeddable":true,"href":"http:\/\/www.radiodigitaltamazunchale.com\/landing\/wp-json\/wp\/v2\/categories?post=36157"},{"taxonomy":"post_tag","embeddable":true,"href":"http:\/\/www.radiodigitaltamazunchale.com\/landing\/wp-json\/wp\/v2\/tags?post=36157"}],"curies":[{"name":"wp","href":"https:\/\/api.w.org\/{rel}","templated":true}]}}