{"id":36175,"date":"2020-07-11T16:44:00","date_gmt":"2020-07-11T22:44:00","guid":{"rendered":"http:\/\/www.radiodigitaltamazunchale.com\/landing\/?p=36175"},"modified":"2020-07-13T16:47:10","modified_gmt":"2020-07-13T22:47:10","slug":"pide-la-diputada-martha-barajas-garcia-al-presidente-de-mexico-reconsiderar-recortes-al-sipinna-porque-afectara-a-las-ninas-ninos-y-adolescentes","status":"publish","type":"post","link":"http:\/\/www.radiodigitaltamazunchale.com\/landing\/uncategorized\/pide-la-diputada-martha-barajas-garcia-al-presidente-de-mexico-reconsiderar-recortes-al-sipinna-porque-afectara-a-las-ninas-ninos-y-adolescentes\/","title":{"rendered":"PIDE LA DIPUTADA MARTHA BARAJAS GARC\u00cdA AL PRESIDENTE DE M\u00c9XICO RECONSIDERAR RECORTES AL SIPINNA PORQUE AFECTAR\u00c1 A LAS NI\u00d1AS, NI\u00d1OS Y ADOLESCENTES"},"content":{"rendered":"\n<p><strong>AJUSTES PRESUPUESTALES A LA BAJA CONTRA INSTITUCIONES DE CAR\u00c1CTER SOCIAL, NO DEBEN APLICARSE<\/strong><\/p>\n\n\n\n<p>La diputada Martha Barajas Garc\u00eda se pronunci\u00f3 en contra de la intenci\u00f3n del presidente de la Rep\u00fablica Andr\u00e9s Manuel L\u00f3pez Obrador de quitarle recursos o incluso desaparecer el Sistema Nacional de Protecci\u00f3n Integral de Ni\u00f1as, Ni\u00f1os y Adolescentes (SIPINNA).<\/p>\n\n\n\n<p>Se\u00f1al\u00f3 que ella es integrante de este organismo como representante del Congreso del Estado y reconoce el trabajo que ha realizado la presidenta del organismo Carina Rangel, ya que se impulsan acciones afirmativas a favor de estos sectores de la poblaci\u00f3n que requieren todo el apoyo.<\/p>\n\n\n\n<p>Se trata de un Sistema de Protecci\u00f3n Integral de los Derechos de las Ni\u00f1as, Ni\u00f1os y Adolescentes (SIPINNA), dise\u00f1ado para la alineaci\u00f3n, transversalizaci\u00f3n, dise\u00f1o e implementaci\u00f3n de la pol\u00edtica p\u00fablica con perspectiva de derechos humanos de la infancia y adolescencia en los \u00f3rganos, entidades, mecanismos, instancias, leyes, etc\u00e9tera.<\/p>\n\n\n\n<p>El presidente de M\u00e9xico anunci\u00f3 que se trata de organismos que no sirven para nada y que les quitar\u00e1 recursos, incluyendo al INE, Conapred y otros que tiene en la mira, por lo que le pedimos que reconsidere esta decisi\u00f3n porque le estar\u00eda haciendo un gran da\u00f1o a las instituciones, apunt\u00f3.<\/p>\n\n\n\n<p>Barajas Garc\u00eda a\u00f1adi\u00f3 que en la Constituci\u00f3n General de la Rep\u00fablica viene marcado el derecho supremo de las ni\u00f1as, ni\u00f1os y adolescentes para tener acceso a programas de bienestar, \u201ces un programa que tiene desarrollos importantes con acciones afirmativas que los protegen\u201d.<\/p>\n\n\n\n<p>Por lo tanto, insisti\u00f3 en que esta situaci\u00f3n se debe reconsiderar desde la presidencia de la Rep\u00fablica.<\/p>\n","protected":false},"excerpt":{"rendered":"<p>AJUSTES PRESUPUESTALES A LA BAJA CONTRA INSTITUCIONES DE CAR\u00c1CTER SOCIAL, NO DEBEN APLICARSE La diputada Martha Barajas Garc\u00eda se pronunci\u00f3<\/p>\n","protected":false},"author":1,"featured_media":36176,"comment_status":"open","ping_status":"open","sticky":false,"template":"","format":"standard","meta":[],"categories":[1],"tags":[],"_links":{"self":[{"href":"http:\/\/www.radiodigitaltamazunchale.com\/landing\/wp-json\/wp\/v2\/posts\/36175"}],"collection":[{"href":"http:\/\/www.radiodigitaltamazunchale.com\/landing\/wp-json\/wp\/v2\/posts"}],"about":[{"href":"http:\/\/www.radiodigitaltamazunchale.com\/landing\/wp-json\/wp\/v2\/types\/post"}],"author":[{"embeddable":true,"href":"http:\/\/www.radiodigitaltamazunchale.com\/landing\/wp-json\/wp\/v2\/users\/1"}],"replies":[{"embeddable":true,"href":"http:\/\/www.radiodigitaltamazunchale.com\/landing\/wp-json\/wp\/v2\/comments?post=36175"}],"version-history":[{"count":1,"href":"http:\/\/www.radiodigitaltamazunchale.com\/landing\/wp-json\/wp\/v2\/posts\/36175\/revisions"}],"predecessor-version":[{"id":36177,"href":"http:\/\/www.radiodigitaltamazunchale.com\/landing\/wp-json\/wp\/v2\/posts\/36175\/revisions\/36177"}],"wp:featuredmedia":[{"embeddable":true,"href":"http:\/\/www.radiodigitaltamazunchale.com\/landing\/wp-json\/wp\/v2\/media\/36176"}],"wp:attachment":[{"href":"http:\/\/www.radiodigitaltamazunchale.com\/landing\/wp-json\/wp\/v2\/media?parent=36175"}],"wp:term":[{"taxonomy":"category","embeddable":true,"href":"http:\/\/www.radiodigitaltamazunchale.com\/landing\/wp-json\/wp\/v2\/categories?post=36175"},{"taxonomy":"post_tag","embeddable":true,"href":"http:\/\/www.radiodigitaltamazunchale.com\/landing\/wp-json\/wp\/v2\/tags?post=36175"}],"curies":[{"name":"wp","href":"https:\/\/api.w.org\/{rel}","templated":true}]}}