{"id":36207,"date":"2020-07-14T12:53:07","date_gmt":"2020-07-14T18:53:07","guid":{"rendered":"http:\/\/www.radiodigitaltamazunchale.com\/landing\/?p=36207"},"modified":"2020-07-14T12:53:08","modified_gmt":"2020-07-14T18:53:08","slug":"gobierno-presenta-a-ehecatl-4t-y-gatsi-los-ventiladores-medicos-100-mexicanos","status":"publish","type":"post","link":"http:\/\/www.radiodigitaltamazunchale.com\/landing\/uncategorized\/gobierno-presenta-a-ehecatl-4t-y-gatsi-los-ventiladores-medicos-100-mexicanos\/","title":{"rendered":"GOBIERNO PRESENTA A EH\u00c9CATL 4T Y G\u00c4TSI, LOS VENTILADORES M\u00c9DICOS 100% MEXICANOS"},"content":{"rendered":"\n<p>Mar\u00eda Elena \u00c1lvarez-Buylla, titular del Conacyt, explic\u00f3 que el desarrollo de los proyectos fue en cinco meses, cuando en condiciones normales podr\u00eda tardar entre tres y cinco a\u00f1os.<\/p>\n\n\n\n<p>La titular del<strong>&nbsp;Consejo Nacional de Ciencia y Tecnolog\u00eda (Conacyt), Mar\u00eda Elena \u00c1lvarez-Buylla<\/strong>, present\u00f3 este martes los dos nuevos<strong>&nbsp;ventiladores m\u00e9dicos&nbsp;<\/strong>hechos 100 por ciento en M\u00e9xico.<\/p>\n\n\n\n<p>Estos dos llevan por nombres<strong>&nbsp;Eh\u00e9catl 4T y G\u00e4tsi.&nbsp;<\/strong>Eh\u00e9catl significa &#8216;Dios del viento&#8217; en n\u00e1huatl, mientras que G\u00e4tsi significa &#8216;suspiro&#8217; en otom\u00ed.<\/p>\n\n\n\n<p>El primero tendr\u00e1 patente del Estado mexicano, indic\u00f3 la doctora, y es un equipo m\u00e9dico con altos est\u00e1ndares de seguridad biom\u00e9dica y con calidad de ingenier\u00eda.<\/p>\n\n\n\n<p>El Eh\u00e9catl 4T fue dise\u00f1ado por el Centro de Ingenier\u00eda y Desarrollo Industrial (Cidesi), que es un centro p\u00fablico de investigaci\u00f3n del Conacyt.<\/p>\n\n\n\n<p>Este equipo posee un microcontrolador que calcula y aplica la presi\u00f3n necesaria en los ciclos de ventilaci\u00f3n en pacientes, esto por medio de una bolsa autoinflable llamada ambu bag, explica un video presentado por Buylla.<\/p>\n\n\n\n<p>En tanto, el&nbsp;<strong>G\u00e4tsi<\/strong>&nbsp;fue dise\u00f1ado por especialistas de la empresa<strong>&nbsp;Dydetec<\/strong>&nbsp;con apoyo del Cidesi y del Conacyt.<\/p>\n\n\n\n<p>En el caso de este segundo equipo, la ventilaci\u00f3n mec\u00e1nica est\u00e1 basada en un sistema de control por microprocesadores accionados neum\u00e1ticamente.<\/p>\n\n\n\n<p>\u00abLa unidad de control que posee este equipo tiene la capacidad de calcular y aplicar las funciones necesarias para impulsar la ventilaci\u00f3n mec\u00e1nica controlada o asistida durante los ciclos de ventilaci\u00f3n en pacientes adultos y pedi\u00e1tricos\u00bb, detalla el video.<\/p>\n\n\n\n<p>Ambos modelos fueron probados en pulmones artificiales y sistemas biol\u00f3gicos, adem\u00e1s de que cumplen con especificaciones internacionales, apunta el audiovisual.<\/p>\n\n\n\n<p>Se trata de&nbsp;<strong>ventiladores pulmonares invasivos<\/strong>, explic\u00f3 Buylla, los cuales son tambi\u00e9n m\u00e1s econ\u00f3micos que los importados.<\/p>\n\n\n\n<p>Tambi\u00e9n destac\u00f3 la rapidez con la que fueron creados, pues se realizaron en cinco meses, cuando en condiciones normales se llevar\u00edan de tres a cinco a\u00f1os.<\/p>\n\n\n\n<p>De acuerdo con la presentaci\u00f3n de la doctora, el primer lote de los ventiladores consta de 500 unidades cada uno.<\/p>\n\n\n","protected":false},"excerpt":{"rendered":"<p>Mar\u00eda Elena \u00c1lvarez-Buylla, titular del Conacyt, explic\u00f3 que el desarrollo de los proyectos fue en cinco meses, cuando en condiciones<\/p>\n","protected":false},"author":2,"featured_media":36208,"comment_status":"open","ping_status":"open","sticky":false,"template":"","format":"standard","meta":[],"categories":[1],"tags":[],"_links":{"self":[{"href":"http:\/\/www.radiodigitaltamazunchale.com\/landing\/wp-json\/wp\/v2\/posts\/36207"}],"collection":[{"href":"http:\/\/www.radiodigitaltamazunchale.com\/landing\/wp-json\/wp\/v2\/posts"}],"about":[{"href":"http:\/\/www.radiodigitaltamazunchale.com\/landing\/wp-json\/wp\/v2\/types\/post"}],"author":[{"embeddable":true,"href":"http:\/\/www.radiodigitaltamazunchale.com\/landing\/wp-json\/wp\/v2\/users\/2"}],"replies":[{"embeddable":true,"href":"http:\/\/www.radiodigitaltamazunchale.com\/landing\/wp-json\/wp\/v2\/comments?post=36207"}],"version-history":[{"count":1,"href":"http:\/\/www.radiodigitaltamazunchale.com\/landing\/wp-json\/wp\/v2\/posts\/36207\/revisions"}],"predecessor-version":[{"id":36209,"href":"http:\/\/www.radiodigitaltamazunchale.com\/landing\/wp-json\/wp\/v2\/posts\/36207\/revisions\/36209"}],"wp:featuredmedia":[{"embeddable":true,"href":"http:\/\/www.radiodigitaltamazunchale.com\/landing\/wp-json\/wp\/v2\/media\/36208"}],"wp:attachment":[{"href":"http:\/\/www.radiodigitaltamazunchale.com\/landing\/wp-json\/wp\/v2\/media?parent=36207"}],"wp:term":[{"taxonomy":"category","embeddable":true,"href":"http:\/\/www.radiodigitaltamazunchale.com\/landing\/wp-json\/wp\/v2\/categories?post=36207"},{"taxonomy":"post_tag","embeddable":true,"href":"http:\/\/www.radiodigitaltamazunchale.com\/landing\/wp-json\/wp\/v2\/tags?post=36207"}],"curies":[{"name":"wp","href":"https:\/\/api.w.org\/{rel}","templated":true}]}}