{"id":36220,"date":"2020-07-14T17:26:24","date_gmt":"2020-07-14T23:26:24","guid":{"rendered":"http:\/\/www.radiodigitaltamazunchale.com\/landing\/?p=36220"},"modified":"2020-07-14T17:26:26","modified_gmt":"2020-07-14T23:26:26","slug":"congreso-del-estado-recibe-por-parte-del-ejecutivo-la-terna-para-elegir-al-titular-de-la-fiscalia-especializada-en-delitos-relacionados-con-hechos-de-corrupcion","status":"publish","type":"post","link":"http:\/\/www.radiodigitaltamazunchale.com\/landing\/uncategorized\/congreso-del-estado-recibe-por-parte-del-ejecutivo-la-terna-para-elegir-al-titular-de-la-fiscalia-especializada-en-delitos-relacionados-con-hechos-de-corrupcion\/","title":{"rendered":"CONGRESO DEL ESTADO RECIBE POR PARTE DEL EJECUTIVO LA TERNA PARA ELEGIR AL TITULAR DE LA FISCAL\u00cdA ESPECIALIZADA EN DELITOS RELACIONADOS CON HECHOS DE CORRUPCI\u00d3N."},"content":{"rendered":"\n<p><strong>ESTA TERNA SE ENCUENTRA INTEGRADA POR LOS PROFESIONISTAS: LETICIA GARC\u00cdA TORRES, X\u00d3CHITL MART\u00cdNEZ CALDER\u00d3N Y FELIPE AURELIO TORRES Z\u00da\u00d1IGA.<\/strong><\/p>\n\n\n\n<p><strong>LA TERNA SE RECIBI\u00d3 DESPU\u00c9S DE 150 D\u00cdAS QUE SE ENCUENTRA SIN TITULAR LA FISCAL\u00cdA ANTICORRUPCI\u00d3N: DIP. RUB\u00c9N GUAJARDO BARRERA.<\/strong><\/p>\n\n\n\n<p>El diputado Rub\u00e9n Guajardo Barrera, presidente de la Comisi\u00f3n de Justicia del Congreso del Estado, inform\u00f3 que se recibi\u00f3 por parte del Ejecutivo del Estado, la terna de las personas propuestas para titular de la Fiscal\u00eda Especializada en Delitos relacionados con Hechos de Corrupci\u00f3n, ante la Oficial\u00eda de Partes del Congreso del Estado.<\/p>\n\n\n\n<p>Esta terna se encuentra integrada por los profesionistas: Leticia Garc\u00eda Torres, X\u00f3chitl Mart\u00ednez Calder\u00f3n y Felipe Aurelio Torres Z\u00fa\u00f1iga.<\/p>\n\n\n\n<p>El diputado Guajardo Barrera subray\u00f3 que luego de 150 d\u00edas sin contar con propuestas para encabezar la titularidad de esta Fiscal\u00eda Especializada, por fin el Ejecutivo Estatal presenta dicha terna que deber\u00e1 ser analizada al interior de las Comisiones de Gobernaci\u00f3n y Justicia, con base en su perfil profesional y experiencia en la materia; y principalmente, cuidando que no tengan pertenencia a ning\u00fan partido pol\u00edtico o v\u00ednculos con el Fiscal General o al propio Gobernador del Estado.<\/p>\n\n\n\n<p>\u201cComo ustedes saben estamos a m\u00e1s de 150 d\u00edas sin Fiscal Anticorrupci\u00f3n porque el \u00faltimo d\u00eda del mes de enero del presente a\u00f1o, renunci\u00f3 el Licenciado Jorge Vera y pasaron m\u00e1s de 150 d\u00edas en lo que el Ejecutivo mando una terna; y como ustedes saben, en comisiones de Gobernaci\u00f3n y de Justicia, primero tenemos que analizar los requisitos de ley y nosotros estaremos analizando tambi\u00e9n que no tengan ning\u00fan<\/p>\n\n\n\n<p>v\u00ednculo con ning\u00fan partido pol\u00edtico o con el gobernador o en este caso con el fiscal para que tenga autonom\u00eda de decisi\u00f3n\u201d.<\/p>\n\n\n\n<p>Dijo que los requisitos legales que deben cumplir son los mismos que para ser magistrado, entre los que se encuentran ser mayor de 35 a\u00f1os, que tenga m\u00e1s de 10 a\u00f1os ejerciendo como Licenciado en Derecho, no tener ning\u00fan antecedente penal y tener dos a\u00f1os de residencia en San Luis Potos\u00ed.<\/p>\n\n\n\n<p>Manifest\u00f3 que se prev\u00e9 que sea la pr\u00f3xima semana cuando las comisiones unidas puedan sesionar para la revisi\u00f3n de los expedientes que fueron presentados por el Ejecutivo del Estado, para que los diputados eval\u00faen los perfiles de las personas propuestas.<\/p>\n\n\n\n<p>\u201cYo creo que la pr\u00f3xima semana estar\u00edamos viendo &nbsp;los expedientes y lo vamos a socializar porque como ustedes saben, en el caso de la Comisi\u00f3n de Justicia es una comisi\u00f3n muy plural y claro que los acuerdos y consensos tendr\u00e1n que ser en primero que cumplan con los requisitos y en segundo que no tengan&nbsp; v\u00ednculos con el gobernador o con un partido pol\u00edtico\u201d.<\/p>\n","protected":false},"excerpt":{"rendered":"<p>ESTA TERNA SE ENCUENTRA INTEGRADA POR LOS PROFESIONISTAS: LETICIA GARC\u00cdA TORRES, X\u00d3CHITL MART\u00cdNEZ CALDER\u00d3N Y FELIPE AURELIO TORRES Z\u00da\u00d1IGA. LA<\/p>\n","protected":false},"author":1,"featured_media":36221,"comment_status":"open","ping_status":"open","sticky":false,"template":"","format":"standard","meta":[],"categories":[1],"tags":[],"_links":{"self":[{"href":"http:\/\/www.radiodigitaltamazunchale.com\/landing\/wp-json\/wp\/v2\/posts\/36220"}],"collection":[{"href":"http:\/\/www.radiodigitaltamazunchale.com\/landing\/wp-json\/wp\/v2\/posts"}],"about":[{"href":"http:\/\/www.radiodigitaltamazunchale.com\/landing\/wp-json\/wp\/v2\/types\/post"}],"author":[{"embeddable":true,"href":"http:\/\/www.radiodigitaltamazunchale.com\/landing\/wp-json\/wp\/v2\/users\/1"}],"replies":[{"embeddable":true,"href":"http:\/\/www.radiodigitaltamazunchale.com\/landing\/wp-json\/wp\/v2\/comments?post=36220"}],"version-history":[{"count":1,"href":"http:\/\/www.radiodigitaltamazunchale.com\/landing\/wp-json\/wp\/v2\/posts\/36220\/revisions"}],"predecessor-version":[{"id":36222,"href":"http:\/\/www.radiodigitaltamazunchale.com\/landing\/wp-json\/wp\/v2\/posts\/36220\/revisions\/36222"}],"wp:featuredmedia":[{"embeddable":true,"href":"http:\/\/www.radiodigitaltamazunchale.com\/landing\/wp-json\/wp\/v2\/media\/36221"}],"wp:attachment":[{"href":"http:\/\/www.radiodigitaltamazunchale.com\/landing\/wp-json\/wp\/v2\/media?parent=36220"}],"wp:term":[{"taxonomy":"category","embeddable":true,"href":"http:\/\/www.radiodigitaltamazunchale.com\/landing\/wp-json\/wp\/v2\/categories?post=36220"},{"taxonomy":"post_tag","embeddable":true,"href":"http:\/\/www.radiodigitaltamazunchale.com\/landing\/wp-json\/wp\/v2\/tags?post=36220"}],"curies":[{"name":"wp","href":"https:\/\/api.w.org\/{rel}","templated":true}]}}