{"id":36227,"date":"2020-07-14T17:34:58","date_gmt":"2020-07-14T23:34:58","guid":{"rendered":"http:\/\/www.radiodigitaltamazunchale.com\/landing\/?p=36227"},"modified":"2020-07-14T17:36:58","modified_gmt":"2020-07-14T23:36:58","slug":"buscan-garantizar-el-acceso-de-las-personas-sordas-a-la-educacion-bilingue","status":"publish","type":"post","link":"http:\/\/www.radiodigitaltamazunchale.com\/landing\/uncategorized\/buscan-garantizar-el-acceso-de-las-personas-sordas-a-la-educacion-bilingue\/","title":{"rendered":"BUSCAN GARANTIZAR EL ACCESO DE LAS PERSONAS SORDAS A LA EDUCACI\u00d3N BILING\u00dcE."},"content":{"rendered":"\n<p><strong>DIP. MART\u00cdN JU\u00c1REZ C\u00d3RDOVA SOSTIENE REUNI\u00d3N CON INTEGRANTES DEL INSTITUTO BILING\u00dcE INTERCULTURAL PARA SORDOS A.C.<\/strong><\/p>\n\n\n\n<p>El presidente de la Directiva del Congreso del Estado, diputado Mart\u00edn Ju\u00e1rez C\u00f3rdova sostuvo una reuni\u00f3n con integrantes del Instituto Biling\u00fce Intercultural para Sordos A.C. quienes entregaron una iniciativa para garantizar el acceso de las personas sordas a la educaci\u00f3n biling\u00fce, con el objetivo de que sean competentes tanto en la lengua de se\u00f1as mexicana, LSM, como en espa\u00f1ol.<\/p>\n\n\n\n<p>Ju\u00e1rez C\u00f3rdova, coment\u00f3 que el Poder Legislativo ha trabajado en importantes reformas a la Ley de Educaci\u00f3n, con el objetivo de que la brecha de desigualdad entre la poblaci\u00f3n sea cada vez menor, sin embargo, a\u00fan queda mucho trabajo por realizar, pues personas sordas y d\u00e9biles visuales son quienes menos oportunidad tienen de acceder a la educaci\u00f3n.<\/p>\n\n\n\n<p>\u201cLa sordera es una barrera que la naturaleza impone al ser humano en la constituci\u00f3n de sus interacciones sociales y determina la forma en la que se relaciona con el mundo.\u201d<\/p>\n\n\n\n<p>V\u00edctor Manuel Montes de Oca S\u00e1nchez y personal de la Comisi\u00f3n Estatal de Derechos Humanos fueron quienes, en representaci\u00f3n de la comunidad de sordos, hicieron entrega de la iniciativa que se busca sea analizada y discutida por las comisiones legislativas y posteriormente ser votada en el Pleno del Congreso del Estado.<\/p>\n\n\n\n<p>Ju\u00e1rez C\u00f3rdova se\u00f1al\u00f3 que el padecimiento en la desigualdad de oportunidades a la comunidad de sordos ha sido por muchos a\u00f1os y hoy ante las reformas a la Ley de Educaci\u00f3n, es un buen momento para poner el tema en an\u00e1lisis y trabajar en crear mejores condiciones que<\/p>\n\n\n\n<p>permitan a todas las personas con discapacidad auditiva, acceder a una educaci\u00f3n de calidad.<\/p>\n\n\n\n<p>Finalmente coment\u00f3 que, las personas sordas se enfrentan a los prejuicios de una sociedad que le cuesta trabajo integrar a las personas con discapacidad a la vida cotidiana, sin embargo, los estudios demuestran que la ni\u00f1ez sorda que aprende una lengua de se\u00f1as en sus primeros a\u00f1os de vida tienen un desarrollo ling\u00fc\u00edstico que sigue los mismos tiempos y etapas que un ni\u00f1o oyente con lengua oral.<\/p>\n","protected":false},"excerpt":{"rendered":"<p>DIP. MART\u00cdN JU\u00c1REZ C\u00d3RDOVA SOSTIENE REUNI\u00d3N CON INTEGRANTES DEL INSTITUTO BILING\u00dcE INTERCULTURAL PARA SORDOS A.C. El presidente de la Directiva<\/p>\n","protected":false},"author":1,"featured_media":36033,"comment_status":"open","ping_status":"open","sticky":false,"template":"","format":"standard","meta":[],"categories":[1],"tags":[],"_links":{"self":[{"href":"http:\/\/www.radiodigitaltamazunchale.com\/landing\/wp-json\/wp\/v2\/posts\/36227"}],"collection":[{"href":"http:\/\/www.radiodigitaltamazunchale.com\/landing\/wp-json\/wp\/v2\/posts"}],"about":[{"href":"http:\/\/www.radiodigitaltamazunchale.com\/landing\/wp-json\/wp\/v2\/types\/post"}],"author":[{"embeddable":true,"href":"http:\/\/www.radiodigitaltamazunchale.com\/landing\/wp-json\/wp\/v2\/users\/1"}],"replies":[{"embeddable":true,"href":"http:\/\/www.radiodigitaltamazunchale.com\/landing\/wp-json\/wp\/v2\/comments?post=36227"}],"version-history":[{"count":1,"href":"http:\/\/www.radiodigitaltamazunchale.com\/landing\/wp-json\/wp\/v2\/posts\/36227\/revisions"}],"predecessor-version":[{"id":36229,"href":"http:\/\/www.radiodigitaltamazunchale.com\/landing\/wp-json\/wp\/v2\/posts\/36227\/revisions\/36229"}],"wp:featuredmedia":[{"embeddable":true,"href":"http:\/\/www.radiodigitaltamazunchale.com\/landing\/wp-json\/wp\/v2\/media\/36033"}],"wp:attachment":[{"href":"http:\/\/www.radiodigitaltamazunchale.com\/landing\/wp-json\/wp\/v2\/media?parent=36227"}],"wp:term":[{"taxonomy":"category","embeddable":true,"href":"http:\/\/www.radiodigitaltamazunchale.com\/landing\/wp-json\/wp\/v2\/categories?post=36227"},{"taxonomy":"post_tag","embeddable":true,"href":"http:\/\/www.radiodigitaltamazunchale.com\/landing\/wp-json\/wp\/v2\/tags?post=36227"}],"curies":[{"name":"wp","href":"https:\/\/api.w.org\/{rel}","templated":true}]}}