{"id":36255,"date":"2020-07-15T17:19:04","date_gmt":"2020-07-15T23:19:04","guid":{"rendered":"http:\/\/www.radiodigitaltamazunchale.com\/landing\/?p=36255"},"modified":"2020-07-15T17:19:05","modified_gmt":"2020-07-15T23:19:05","slug":"desarrollo-de-habilidades-mayor-oportunidad-laboral-para-jovenes","status":"publish","type":"post","link":"http:\/\/www.radiodigitaltamazunchale.com\/landing\/uncategorized\/desarrollo-de-habilidades-mayor-oportunidad-laboral-para-jovenes\/","title":{"rendered":"DESARROLLO DE HABILIDADES, MAYOR OPORTUNIDAD LABORAL PARA J\u00d3VENES"},"content":{"rendered":"\n<ul><li><strong>15 de julio, D\u00eda Mundial de las Habilidades de la Juventud.<\/strong><\/li><\/ul>\n\n\n\n<p>En el marco del D\u00eda Mundial de las Habilidades de la Juventud, Luis Fernando Alonso Molina, director general del INPOJUVE inform\u00f3 que, \u201cuna parte trascendental para que las y los j\u00f3venes puedan acceder a una mejor calidad de vida y a un terreno laboral que brinde mayor estabilidad, es el desarrollo de sus aptitudes, por lo que desde la dependencia se trabaja en ese aspecto a trav\u00e9s de cursos, talleres, capacitaciones y pl\u00e1ticas\u201d.<\/p>\n\n\n\n<p>El funcionario estatal dijo que, esta conmemoraci\u00f3n surge de la preocupaci\u00f3n por el desempleo de las y los j\u00f3venes a nivel mundial, por lo que hoy m\u00e1s que nunca debe reforzarse la labor de b\u00fasqueda de su desarrollo de competencias necesarias para insertarse al mundo laboral, o bien, al emprendimiento.<\/p>\n\n\n\n<p>\u201cEs muy importante que cada vez demos mayor atenci\u00f3n a la acci\u00f3n de impulsar el desarrollo de las diferentes habilidades que tienen las y los j\u00f3venes, si se logran detectar a temprana edad, puede ayudarse a que tengan una mejor orientaci\u00f3n vocacional y una preparaci\u00f3n m\u00e1s focalizada, lo que como resultado puede dar una mejor ubicaci\u00f3n laboral en la cual puedan desarrollarse al m\u00e1ximo\u201d, explic\u00f3 el director general del Instituto Potosino de la Juventud.<\/p>\n\n\n\n<p>Agreg\u00f3 que se ha trabajado de manera intensa para ayudar a que las y los j\u00f3venes de las cuatro regiones del estado tengan mayores posibilidades en educaci\u00f3n y en el aspecto laboral, \u201cporque nuestra tarea es ayudarles a que tengan una mejor calidad de vida\u201d.<\/p>\n\n\n\n<p>Por \u00faltimo, el funcionario estatal recomend\u00f3 que no se abandonen las medidas de prevenci\u00f3n para evitar el contagio y la propagaci\u00f3n del COVID-19, y exhort\u00f3 al uso de cubrebocas y al lavado constante de manos.<\/p>\n","protected":false},"excerpt":{"rendered":"<p>15 de julio, D\u00eda Mundial de las Habilidades de la Juventud. En el marco del D\u00eda Mundial de las Habilidades<\/p>\n","protected":false},"author":1,"featured_media":36256,"comment_status":"open","ping_status":"open","sticky":false,"template":"","format":"standard","meta":[],"categories":[1],"tags":[],"_links":{"self":[{"href":"http:\/\/www.radiodigitaltamazunchale.com\/landing\/wp-json\/wp\/v2\/posts\/36255"}],"collection":[{"href":"http:\/\/www.radiodigitaltamazunchale.com\/landing\/wp-json\/wp\/v2\/posts"}],"about":[{"href":"http:\/\/www.radiodigitaltamazunchale.com\/landing\/wp-json\/wp\/v2\/types\/post"}],"author":[{"embeddable":true,"href":"http:\/\/www.radiodigitaltamazunchale.com\/landing\/wp-json\/wp\/v2\/users\/1"}],"replies":[{"embeddable":true,"href":"http:\/\/www.radiodigitaltamazunchale.com\/landing\/wp-json\/wp\/v2\/comments?post=36255"}],"version-history":[{"count":1,"href":"http:\/\/www.radiodigitaltamazunchale.com\/landing\/wp-json\/wp\/v2\/posts\/36255\/revisions"}],"predecessor-version":[{"id":36257,"href":"http:\/\/www.radiodigitaltamazunchale.com\/landing\/wp-json\/wp\/v2\/posts\/36255\/revisions\/36257"}],"wp:featuredmedia":[{"embeddable":true,"href":"http:\/\/www.radiodigitaltamazunchale.com\/landing\/wp-json\/wp\/v2\/media\/36256"}],"wp:attachment":[{"href":"http:\/\/www.radiodigitaltamazunchale.com\/landing\/wp-json\/wp\/v2\/media?parent=36255"}],"wp:term":[{"taxonomy":"category","embeddable":true,"href":"http:\/\/www.radiodigitaltamazunchale.com\/landing\/wp-json\/wp\/v2\/categories?post=36255"},{"taxonomy":"post_tag","embeddable":true,"href":"http:\/\/www.radiodigitaltamazunchale.com\/landing\/wp-json\/wp\/v2\/tags?post=36255"}],"curies":[{"name":"wp","href":"https:\/\/api.w.org\/{rel}","templated":true}]}}