{"id":36260,"date":"2020-07-15T17:59:36","date_gmt":"2020-07-15T23:59:36","guid":{"rendered":"http:\/\/www.radiodigitaltamazunchale.com\/landing\/?p=36260"},"modified":"2020-07-15T17:59:37","modified_gmt":"2020-07-15T23:59:37","slug":"las-comisiones-de-justicia-y-gobernacion-daran-tramite-a-las-propuestas-para-elegir-a-la-persona-titular-de-la-fiscalia-especializada-en-delitos-relacionados-a-hechos-de-corrupcion-diputado-martin-ju","status":"publish","type":"post","link":"http:\/\/www.radiodigitaltamazunchale.com\/landing\/uncategorized\/las-comisiones-de-justicia-y-gobernacion-daran-tramite-a-las-propuestas-para-elegir-a-la-persona-titular-de-la-fiscalia-especializada-en-delitos-relacionados-a-hechos-de-corrupcion-diputado-martin-ju\/","title":{"rendered":"LAS COMISIONES DE JUSTICIA Y GOBERNACI\u00d3N DAR\u00c1N TR\u00c1MITE A LAS PROPUESTAS PARA ELEGIR A LA PERSONA TITULAR DE LA FISCAL\u00cdA ESPECIALIZADA EN DELITOS RELACIONADOS A HECHOS DE CORRUPCI\u00d3N: DIPUTADO MART\u00cdN JU\u00c1REZ"},"content":{"rendered":"\n<p><strong>EN BREVE SE PRESENTAR\u00c1 LA PROPUESTA DE LA PERSONA QUE OCUPAR\u00c1 LA COORDINACI\u00d3N DEL INSTITUTO DE INVESTIGACIONES LEGISLATIVAS<\/strong><\/p>\n\n\n\n<p>El presidente de la Directiva del Congreso del Estado, diputado Mart\u00edn Ju\u00e1rez C\u00f3rdova, inform\u00f3 que el proceso para la elecci\u00f3n de la persona que ser\u00e1 titular de la Fiscal\u00eda Especializada en Delitos Relacionados con Hechos de Corrupci\u00f3n correr\u00e1 a cargo de las comisiones de Gobernaci\u00f3n y Justicia donde se analizar\u00e1n las propuestas enviadas por el Poder Ejecutivo del Estado.<\/p>\n\n\n\n<p>Manifest\u00f3 que los perfiles propuestos son Leticia Garc\u00eda Torres, X\u00f3chitl Mart\u00ednez Calder\u00f3n y Felipe Aurelio Torres Z\u00fa\u00f1iga, \u201cquienes tienen una amplia trayectoria, preparaci\u00f3n acad\u00e9mica y experiencia en la carrera judicial, tal como lo establece la ley en la materia para ocupar este tipo de encargos de gran responsabilidad\u201d.<\/p>\n\n\n\n<p>Expuso que las comisiones de Gobernaci\u00f3n y Justicia \u201ccitar\u00e1n seguramente la pr\u00f3xima semana a sus integrantes para revisar los perfiles de las personas propuestas y elaborar un dictamen que deber\u00e1 ser presentado al pleno con las debidas consideraciones, a fin de que sea el \u00f3rgano m\u00e1ximo del Poder Legislativo quien tome la decisi\u00f3n y elija a la persona titular de la Fiscal\u00eda Anticorrupci\u00f3n\u201d.<\/p>\n\n\n\n<p>Sobre la persona que ocupar\u00e1 el cargo de coordinadora o coordinador del Instituto de Investigaciones Legislativas tras la renuncia de la titular, el diputado Mart\u00edn Ju\u00e1rez C\u00f3rdova se\u00f1al\u00f3 que est\u00e1 por hacerse la propuesta desde la Directiva, una vez que los integrantes se re\u00fanan y tomen un acuerdo.<\/p>\n\n\n\n<p>\u201cNo hemos tenido sesiones plenarias pero en la Diputaci\u00f3n Permanente abordaremos el tema y presentaremos una propuesta, con una persona que conozca el tema, apartidista, con experiencia y que sea garant\u00eda de un desempe\u00f1o responsable, ya que es un \u00e1rea de gran importancia en el Poder Legislativo\u201d.<\/p>\n\n\n\n<p>El diputado Mart\u00edn Ju\u00e1rez a\u00f1adi\u00f3 que sobre los hechos del 5 de Junio donde el Congreso del Estado fue blanco de ataques en su edificio de Jard\u00edn Hidalgo, las investigaciones tendr\u00e1n una duraci\u00f3n de cuatro meses y se les dar\u00e1 un seguimiento puntual, mientras que el seguro contratado se har\u00e1 cargo de los da\u00f1os valuados en unos 800 mil pesos pues muchos materiales no existen en el mercado y se deben fabricar.<\/p>\n","protected":false},"excerpt":{"rendered":"<p>EN BREVE SE PRESENTAR\u00c1 LA PROPUESTA DE LA PERSONA QUE OCUPAR\u00c1 LA COORDINACI\u00d3N DEL INSTITUTO DE INVESTIGACIONES LEGISLATIVAS El presidente<\/p>\n","protected":false},"author":1,"featured_media":36033,"comment_status":"open","ping_status":"open","sticky":false,"template":"","format":"standard","meta":[],"categories":[1],"tags":[],"_links":{"self":[{"href":"http:\/\/www.radiodigitaltamazunchale.com\/landing\/wp-json\/wp\/v2\/posts\/36260"}],"collection":[{"href":"http:\/\/www.radiodigitaltamazunchale.com\/landing\/wp-json\/wp\/v2\/posts"}],"about":[{"href":"http:\/\/www.radiodigitaltamazunchale.com\/landing\/wp-json\/wp\/v2\/types\/post"}],"author":[{"embeddable":true,"href":"http:\/\/www.radiodigitaltamazunchale.com\/landing\/wp-json\/wp\/v2\/users\/1"}],"replies":[{"embeddable":true,"href":"http:\/\/www.radiodigitaltamazunchale.com\/landing\/wp-json\/wp\/v2\/comments?post=36260"}],"version-history":[{"count":1,"href":"http:\/\/www.radiodigitaltamazunchale.com\/landing\/wp-json\/wp\/v2\/posts\/36260\/revisions"}],"predecessor-version":[{"id":36261,"href":"http:\/\/www.radiodigitaltamazunchale.com\/landing\/wp-json\/wp\/v2\/posts\/36260\/revisions\/36261"}],"wp:featuredmedia":[{"embeddable":true,"href":"http:\/\/www.radiodigitaltamazunchale.com\/landing\/wp-json\/wp\/v2\/media\/36033"}],"wp:attachment":[{"href":"http:\/\/www.radiodigitaltamazunchale.com\/landing\/wp-json\/wp\/v2\/media?parent=36260"}],"wp:term":[{"taxonomy":"category","embeddable":true,"href":"http:\/\/www.radiodigitaltamazunchale.com\/landing\/wp-json\/wp\/v2\/categories?post=36260"},{"taxonomy":"post_tag","embeddable":true,"href":"http:\/\/www.radiodigitaltamazunchale.com\/landing\/wp-json\/wp\/v2\/tags?post=36260"}],"curies":[{"name":"wp","href":"https:\/\/api.w.org\/{rel}","templated":true}]}}