{"id":36280,"date":"2020-07-15T11:57:58","date_gmt":"2020-07-15T17:57:58","guid":{"rendered":"http:\/\/www.radiodigitaltamazunchale.com\/landing\/?p=36280"},"modified":"2020-07-16T11:59:37","modified_gmt":"2020-07-16T17:59:37","slug":"se-restringe-por-30-dias-mas-el-transito-en-la-frontera-comun-entre-mexico-y-estados-unidos-2","status":"publish","type":"post","link":"http:\/\/www.radiodigitaltamazunchale.com\/landing\/uncategorized\/se-restringe-por-30-dias-mas-el-transito-en-la-frontera-comun-entre-mexico-y-estados-unidos-2\/","title":{"rendered":"SE RESTRINGE POR 30 D\u00cdAS M\u00c1S EL TR\u00c1NSITO EN LA FRONTERA COM\u00daN ENTRE M\u00c9XICO Y ESTADOS UNIDOS"},"content":{"rendered":"\n<p>Tras considerar el incremento en casos positivos a COVID-19 en California, Arizona, Nuevo M\u00e9xico y Texas, la Secretar\u00eda de Relaciones Exteriores en coordinaci\u00f3n con la Secretar\u00eda de Salud y los Gobiernos Estatales, decidieron ampliar hasta el mes de agosto la restricci\u00f3n en el tr\u00e1nsito terrestre de las fronteras en com\u00fan con Estados Unidos, inform\u00f3 Enrique Malacara Mart\u00ednez, titular del Instituto de Migraci\u00f3n y Enlace Internacional.<\/p>\n\n\n\n<p>El funcionario estatal explic\u00f3 que, luego de evaluar el incremento en casos en los estados del sur en territorio norteamericano, las autoridades estimaron no procedente reabrir las fronteras ante el riesgo del impacto hac\u00eda un rebrote.<\/p>\n\n\n\n<p>Agreg\u00f3 que, desde el inicio de la contingencia sanitaria por Covid-19, se ha mantenido una estrecha coordinaci\u00f3n entre los gobiernos de M\u00e9xico y Estados Unidos y por ello, se realiz\u00f3 el acuerdo de restricci\u00f3n en sus fronteras impidiendo el tr\u00e1nsito a todo aquel que no demostrase, en la intenci\u00f3n de su viaje, un motivo esencial, tal como una consulta o tratamiento m\u00e9dico, cuestiones escolares o laborales.<\/p>\n\n\n\n<p>El funcionario estatal indic\u00f3 que, la econom\u00eda, salud y seguridad son los principales desaf\u00edos que enfrenta la comunidad migrante, motivos por los que, a trav\u00e9s del Instituto de Migraci\u00f3n y Enlace Internacional (IMEI), el Gobierno del Estado de San Luis Potos\u00ed realiza un registro de connacionales en retorno y repatriaci\u00f3n, con el apoyo de las alcald\u00edas, invitando a las y los paisanos a llevar un aislamiento social voluntario durante 14 d\u00edas para evitar toda posibilidad de contagio.<\/p>\n\n\n\n<p>Tambi\u00e9n se ha realizado un llamado a las y los connacionales a reconsiderar, posponer o cancelar todo viaje a San Luis Potos\u00ed con intenciones recreativas o tur\u00edsticas.<\/p>\n","protected":false},"excerpt":{"rendered":"<p>Tras considerar el incremento en casos positivos a COVID-19 en California, Arizona, Nuevo M\u00e9xico y Texas, la Secretar\u00eda de Relaciones<\/p>\n","protected":false},"author":2,"featured_media":36281,"comment_status":"open","ping_status":"open","sticky":false,"template":"","format":"standard","meta":[],"categories":[1],"tags":[],"_links":{"self":[{"href":"http:\/\/www.radiodigitaltamazunchale.com\/landing\/wp-json\/wp\/v2\/posts\/36280"}],"collection":[{"href":"http:\/\/www.radiodigitaltamazunchale.com\/landing\/wp-json\/wp\/v2\/posts"}],"about":[{"href":"http:\/\/www.radiodigitaltamazunchale.com\/landing\/wp-json\/wp\/v2\/types\/post"}],"author":[{"embeddable":true,"href":"http:\/\/www.radiodigitaltamazunchale.com\/landing\/wp-json\/wp\/v2\/users\/2"}],"replies":[{"embeddable":true,"href":"http:\/\/www.radiodigitaltamazunchale.com\/landing\/wp-json\/wp\/v2\/comments?post=36280"}],"version-history":[{"count":1,"href":"http:\/\/www.radiodigitaltamazunchale.com\/landing\/wp-json\/wp\/v2\/posts\/36280\/revisions"}],"predecessor-version":[{"id":36282,"href":"http:\/\/www.radiodigitaltamazunchale.com\/landing\/wp-json\/wp\/v2\/posts\/36280\/revisions\/36282"}],"wp:featuredmedia":[{"embeddable":true,"href":"http:\/\/www.radiodigitaltamazunchale.com\/landing\/wp-json\/wp\/v2\/media\/36281"}],"wp:attachment":[{"href":"http:\/\/www.radiodigitaltamazunchale.com\/landing\/wp-json\/wp\/v2\/media?parent=36280"}],"wp:term":[{"taxonomy":"category","embeddable":true,"href":"http:\/\/www.radiodigitaltamazunchale.com\/landing\/wp-json\/wp\/v2\/categories?post=36280"},{"taxonomy":"post_tag","embeddable":true,"href":"http:\/\/www.radiodigitaltamazunchale.com\/landing\/wp-json\/wp\/v2\/tags?post=36280"}],"curies":[{"name":"wp","href":"https:\/\/api.w.org\/{rel}","templated":true}]}}