{"id":36302,"date":"2020-07-16T08:26:49","date_gmt":"2020-07-16T14:26:49","guid":{"rendered":"http:\/\/www.radiodigitaltamazunchale.com\/landing\/?p=36302"},"modified":"2020-07-17T09:34:56","modified_gmt":"2020-07-17T15:34:56","slug":"stps-capacita-a-sus-trabajadores-para-ofrecer-un-servicio-acorde-a-las-nuevas-disposiciones-de-ley-mln","status":"publish","type":"post","link":"http:\/\/www.radiodigitaltamazunchale.com\/landing\/uncategorized\/stps-capacita-a-sus-trabajadores-para-ofrecer-un-servicio-acorde-a-las-nuevas-disposiciones-de-ley-mln\/","title":{"rendered":"STPS CAPACITA A SUS TRABAJADORES PARA OFRECER UN SERVICIO ACORDE A LAS NUEVAS DISPOSICIONES DE LEY: MLN"},"content":{"rendered":"\n<p>La Secretar\u00eda del Trabajo y Previsi\u00f3n Social (STPS), a trav\u00e9s del programa Integral de Capacitaci\u00f3n en el Sistema de Justicia Laboral para Procuradur\u00edas del Trabajo (PDT), capacita a sus trabajadores con el af\u00e1n de profesionalizarlos para garantizar que las y los ciudadanos que utilizan sus servicios, se encuentren perfectamente representados ante los nuevos Tribunales Laborales, los cuales depender\u00e1n del Poder Judicial.<\/p>\n\n\n\n<p>Manuel Lozano Nieto, Titular de la STPS, dijo que \u201cel cambio de paradigma con el nuevo sistema de justicia laboral, requiere que las y los servidores p\u00fablicos de la Procuradur\u00eda de la Defensa del Trabajo que encabeza Alejandro Polanco Acosta, se capaciten de manera puntual para garantizar a las y los ciudadanos un servicio m\u00e1s profesional y acorde a las nuevas disposiciones de ley\u201d.<\/p>\n\n\n\n<p>El funcionario destac\u00f3 que, Carolina Ortiz Porras, Procuradora General del Trabajo a nivel nacional, ha participado de manera directa en la impartici\u00f3n de asignaturas que integran el curso de capacitaci\u00f3n, as\u00ed como la titular de la Secretaria del Trabajo a nivel federal, Luisa Mar\u00eda Alcalde.&nbsp;<\/p>\n\n\n\n<p>Lozano Nieto estableci\u00f3 que, son hasta este momento 18 integrantes de la PDT de las 4 regiones del territorio potosino los que participan en el programa, con el objetivo de conocer a fondo las f\u00f3rmulas de asesor\u00eda para las y los trabajadores, por ejemplo, en sus audiencias ante el Centro Estatal de Conciliaci\u00f3n que inicia labores el pr\u00f3ximo primero de octubre.<\/p>\n\n\n\n<p>Finalmente, puntualiz\u00f3 que el personal que ser\u00e1 certificado estar\u00e1 en posibilidad de defender de manera profesional y con conocimiento de ley, los intereses de los trabajadores ante los Tribunales Laborales que estar\u00e1n operando a partir del pr\u00f3ximo 10 de octubre.<\/p>\n","protected":false},"excerpt":{"rendered":"<p>La Secretar\u00eda del Trabajo y Previsi\u00f3n Social (STPS), a trav\u00e9s del programa Integral de Capacitaci\u00f3n en el Sistema de Justicia<\/p>\n","protected":false},"author":2,"featured_media":36303,"comment_status":"open","ping_status":"open","sticky":false,"template":"","format":"standard","meta":[],"categories":[1],"tags":[],"_links":{"self":[{"href":"http:\/\/www.radiodigitaltamazunchale.com\/landing\/wp-json\/wp\/v2\/posts\/36302"}],"collection":[{"href":"http:\/\/www.radiodigitaltamazunchale.com\/landing\/wp-json\/wp\/v2\/posts"}],"about":[{"href":"http:\/\/www.radiodigitaltamazunchale.com\/landing\/wp-json\/wp\/v2\/types\/post"}],"author":[{"embeddable":true,"href":"http:\/\/www.radiodigitaltamazunchale.com\/landing\/wp-json\/wp\/v2\/users\/2"}],"replies":[{"embeddable":true,"href":"http:\/\/www.radiodigitaltamazunchale.com\/landing\/wp-json\/wp\/v2\/comments?post=36302"}],"version-history":[{"count":1,"href":"http:\/\/www.radiodigitaltamazunchale.com\/landing\/wp-json\/wp\/v2\/posts\/36302\/revisions"}],"predecessor-version":[{"id":36304,"href":"http:\/\/www.radiodigitaltamazunchale.com\/landing\/wp-json\/wp\/v2\/posts\/36302\/revisions\/36304"}],"wp:featuredmedia":[{"embeddable":true,"href":"http:\/\/www.radiodigitaltamazunchale.com\/landing\/wp-json\/wp\/v2\/media\/36303"}],"wp:attachment":[{"href":"http:\/\/www.radiodigitaltamazunchale.com\/landing\/wp-json\/wp\/v2\/media?parent=36302"}],"wp:term":[{"taxonomy":"category","embeddable":true,"href":"http:\/\/www.radiodigitaltamazunchale.com\/landing\/wp-json\/wp\/v2\/categories?post=36302"},{"taxonomy":"post_tag","embeddable":true,"href":"http:\/\/www.radiodigitaltamazunchale.com\/landing\/wp-json\/wp\/v2\/tags?post=36302"}],"curies":[{"name":"wp","href":"https:\/\/api.w.org\/{rel}","templated":true}]}}