{"id":36311,"date":"2020-07-17T16:29:05","date_gmt":"2020-07-17T22:29:05","guid":{"rendered":"http:\/\/www.radiodigitaltamazunchale.com\/landing\/?p=36311"},"modified":"2020-07-17T16:29:06","modified_gmt":"2020-07-17T22:29:06","slug":"positivo-regresar-al-semaforo-rojo-para-frenar-los-casos-positivos-de-covid19-dip-laura-patricia-silva-celis","status":"publish","type":"post","link":"http:\/\/www.radiodigitaltamazunchale.com\/landing\/uncategorized\/positivo-regresar-al-semaforo-rojo-para-frenar-los-casos-positivos-de-covid19-dip-laura-patricia-silva-celis\/","title":{"rendered":"POSITIVO REGRESAR AL SEM\u00c1FORO ROJO PARA FRENAR LOS CASOS POSITIVOS DE COVID:19: DIP. LAURA PATRICIA SILVA CELIS."},"content":{"rendered":"\n<p><strong>DEBEMOS ACATAR LAS DISPOSICIONES SANITARIAS QUE MARCA LA NUEVA REALIDAD PARA EVITAR M\u00c1S CONTAGIOS POR CORONAVIRUS.<\/strong><\/p>\n\n\n\n<p><strong>DEBEN EXISTIR MAYORES APOYOS DEL GOBIERNO FEDERAL PARA GARANTIZAR LA ATENCI\u00d3N A LA SALUD Y RESPALDAR LA ECONOM\u00cdA.<\/strong><\/p>\n\n\n\n<p>La secretaria de la Comisi\u00f3n de Salud y Asistencia Social del Congreso del Estado, diputada Laura Patricia Silva Celis, sostuvo que es positiva la recomendaci\u00f3n del Gobierno Federal para que San Luis Potos\u00ed, regrese a color rojo dentro del sem\u00e1foro sanitario por el COVID-19, pero se requiere que la restricci\u00f3n social este acompa\u00f1ada de una serie de est\u00edmulos y apoyos para enfrentar el impacto econ\u00f3mico,&nbsp; alimentario y sobre todo de salud en la poblaci\u00f3n de escasos recursos.<\/p>\n\n\n\n<p>Consider\u00f3 que las variantes en los criterios establecidos por el Gobierno Federal para establecer la semaforizaci\u00f3n de los estados, tambi\u00e9n refleja una falla en las pol\u00edticas p\u00fablicas que implement\u00f3 el Gobierno Federal desde el inicio de la pandemia.<\/p>\n\n\n\n<p>La legisladora dijo que \u201ces importante que estemos tomando las precauciones necesarias, porque el problema de la pandemia no ha disminuido, por desgracia sigue en aumento el n\u00famero de contagios y las muertes por COVID-19.<\/p>\n\n\n\n<p>\u201cIndependientemente de la recomendaci\u00f3n del Gobierno Federal para que&nbsp; San Luis Potos\u00ed, regrese al sem\u00e1foro rojo, es necesario que esta medida se acompa\u00f1e de una serie de apoyos para los sectores que se puedan ver afectados por el eventual cierre de actividades no esenciales\u201d, afirm\u00f3.<\/p>\n\n\n\n<p>La diputada Laura Patricia Silva Celis, reconoci\u00f3 que la Secretaria de Salud en San Luis Potos\u00ed, ha venido aplicando correctamente los protocolos establecidos para atender la pandemia, sin embargo, se requiere del apoyo del Gobierno Federal, para garantizar la entrega de equipos m\u00e9dicos para el personal y los pacientes que por alguna circunstancia presenten contagios por el coronavirus.<\/p>\n","protected":false},"excerpt":{"rendered":"<p>DEBEMOS ACATAR LAS DISPOSICIONES SANITARIAS QUE MARCA LA NUEVA REALIDAD PARA EVITAR M\u00c1S CONTAGIOS POR CORONAVIRUS. DEBEN EXISTIR MAYORES APOYOS<\/p>\n","protected":false},"author":1,"featured_media":36312,"comment_status":"open","ping_status":"open","sticky":false,"template":"","format":"standard","meta":[],"categories":[1],"tags":[],"_links":{"self":[{"href":"http:\/\/www.radiodigitaltamazunchale.com\/landing\/wp-json\/wp\/v2\/posts\/36311"}],"collection":[{"href":"http:\/\/www.radiodigitaltamazunchale.com\/landing\/wp-json\/wp\/v2\/posts"}],"about":[{"href":"http:\/\/www.radiodigitaltamazunchale.com\/landing\/wp-json\/wp\/v2\/types\/post"}],"author":[{"embeddable":true,"href":"http:\/\/www.radiodigitaltamazunchale.com\/landing\/wp-json\/wp\/v2\/users\/1"}],"replies":[{"embeddable":true,"href":"http:\/\/www.radiodigitaltamazunchale.com\/landing\/wp-json\/wp\/v2\/comments?post=36311"}],"version-history":[{"count":1,"href":"http:\/\/www.radiodigitaltamazunchale.com\/landing\/wp-json\/wp\/v2\/posts\/36311\/revisions"}],"predecessor-version":[{"id":36313,"href":"http:\/\/www.radiodigitaltamazunchale.com\/landing\/wp-json\/wp\/v2\/posts\/36311\/revisions\/36313"}],"wp:featuredmedia":[{"embeddable":true,"href":"http:\/\/www.radiodigitaltamazunchale.com\/landing\/wp-json\/wp\/v2\/media\/36312"}],"wp:attachment":[{"href":"http:\/\/www.radiodigitaltamazunchale.com\/landing\/wp-json\/wp\/v2\/media?parent=36311"}],"wp:term":[{"taxonomy":"category","embeddable":true,"href":"http:\/\/www.radiodigitaltamazunchale.com\/landing\/wp-json\/wp\/v2\/categories?post=36311"},{"taxonomy":"post_tag","embeddable":true,"href":"http:\/\/www.radiodigitaltamazunchale.com\/landing\/wp-json\/wp\/v2\/tags?post=36311"}],"curies":[{"name":"wp","href":"https:\/\/api.w.org\/{rel}","templated":true}]}}