{"id":36314,"date":"2020-07-17T16:31:06","date_gmt":"2020-07-17T22:31:06","guid":{"rendered":"http:\/\/www.radiodigitaltamazunchale.com\/landing\/?p=36314"},"modified":"2020-07-17T16:31:07","modified_gmt":"2020-07-17T22:31:07","slug":"piden-a-las-secretarias-de-comunicaciones-y-de-salud-que-establezcan-como-obligatorio-el-uso-de-cubrebocas-en-el-transporte-publico","status":"publish","type":"post","link":"http:\/\/www.radiodigitaltamazunchale.com\/landing\/uncategorized\/piden-a-las-secretarias-de-comunicaciones-y-de-salud-que-establezcan-como-obligatorio-el-uso-de-cubrebocas-en-el-transporte-publico\/","title":{"rendered":"PIDEN A LAS SECRETAR\u00cdAS DE COMUNICACIONES Y DE SALUD QUE ESTABLEZCAN COMO OBLIGATORIO EL USO DE CUBREBOCAS EN EL TRANSPORTE P\u00daBLICO."},"content":{"rendered":"\n<p><strong>DEBEN REFORZARSE LAS MEDIDAS PREVENTIVAS PARA EVITAR EL INCREMENTO DE CASOS POSITIVOS DE COVID-19: DIP. ALEJANDRA VALD\u00c9S MART\u00cdNEZ.<\/strong><\/p>\n\n\n\n<p>La diputada Alejandra Vald\u00e9s Mart\u00ednez, presidenta de la Comisi\u00f3n de Comunicaciones y Transportes del Congreso del Estado, inform\u00f3 que se le solicit\u00f3 a la Secretar\u00eda de Comunicaciones y Transportes y de Salud que consideren hacer obligatorio el uso obligatorio de cubrebocas en el transporte p\u00fablico como medida para disminuir los casos positivos de COVID-19.<\/p>\n\n\n\n<p>En primera instancia se le hizo la solicitud al titular de la Secretar\u00eda de Comunicaciones y Transportes, pero, nos inform\u00f3 que es la Secretar\u00eda de Salud la responsable de tomar estas decisiones de acuerdo a los casos positivos que se presenten del coronavirus.<\/p>\n\n\n\n<p>Vald\u00e9s Mart\u00ednez coment\u00f3 que los exhortos ya se encuentran en la Secretaria de Salud y Gobierno del Estado para que sean ellos quienes implementen las medias y comunicados oficiales, por lo que pidi\u00f3 darles celeridad y prioridad, pues la salud e integridad de la poblaci\u00f3n se encuentra en riesgo.<\/p>\n\n\n\n<p>Consider\u00f3 que, de no emitirse las medidas y comunicados pertinentes, se corre el riesgo de regresar a sem\u00e1foro rojo, lo que obligar\u00eda a cerrar comercios no esenciales y aislamiento, por lo que la comisi\u00f3n que preside se mantiene en comunicaci\u00f3n constante con las diferentes instituciones del gobierno estatal, con el fin de establecer medidas urgentes y necesarias para frenar el contagio.<\/p>\n\n\n\n<p>Agreg\u00f3 \u201ces urgente que las autoridades fortalezcan las inspecciones en el transporte p\u00fablico para asegurarse que se cumplan con las medidas<\/p>\n\n\n\n<p>sanitarias, como es la sanitizaci\u00f3n de las unidades y evitar que exista sobrecupo en las unidades, ya se hab\u00eda planteado que circular\u00e1n al 50 por ciento de su capacidad, pero, desafortunadamente tenemos reportes de que no est\u00e1n respetando estas medidas\u201d.<\/p>\n\n\n\n<p>Finalmente, la legisladora exhort\u00f3 a la poblaci\u00f3n para tomar las precauciones necesarias y acatar los comunicados de la Secretaria de Salud, como el uso de cubrebocas en espacios p\u00fablicos, uso de gel antibacterial, evitar los lugares concurridos y mantener sana distancia.<\/p>\n","protected":false},"excerpt":{"rendered":"<p>DEBEN REFORZARSE LAS MEDIDAS PREVENTIVAS PARA EVITAR EL INCREMENTO DE CASOS POSITIVOS DE COVID-19: DIP. ALEJANDRA VALD\u00c9S MART\u00cdNEZ. La diputada<\/p>\n","protected":false},"author":1,"featured_media":36315,"comment_status":"open","ping_status":"open","sticky":false,"template":"","format":"standard","meta":[],"categories":[1],"tags":[],"_links":{"self":[{"href":"http:\/\/www.radiodigitaltamazunchale.com\/landing\/wp-json\/wp\/v2\/posts\/36314"}],"collection":[{"href":"http:\/\/www.radiodigitaltamazunchale.com\/landing\/wp-json\/wp\/v2\/posts"}],"about":[{"href":"http:\/\/www.radiodigitaltamazunchale.com\/landing\/wp-json\/wp\/v2\/types\/post"}],"author":[{"embeddable":true,"href":"http:\/\/www.radiodigitaltamazunchale.com\/landing\/wp-json\/wp\/v2\/users\/1"}],"replies":[{"embeddable":true,"href":"http:\/\/www.radiodigitaltamazunchale.com\/landing\/wp-json\/wp\/v2\/comments?post=36314"}],"version-history":[{"count":1,"href":"http:\/\/www.radiodigitaltamazunchale.com\/landing\/wp-json\/wp\/v2\/posts\/36314\/revisions"}],"predecessor-version":[{"id":36316,"href":"http:\/\/www.radiodigitaltamazunchale.com\/landing\/wp-json\/wp\/v2\/posts\/36314\/revisions\/36316"}],"wp:featuredmedia":[{"embeddable":true,"href":"http:\/\/www.radiodigitaltamazunchale.com\/landing\/wp-json\/wp\/v2\/media\/36315"}],"wp:attachment":[{"href":"http:\/\/www.radiodigitaltamazunchale.com\/landing\/wp-json\/wp\/v2\/media?parent=36314"}],"wp:term":[{"taxonomy":"category","embeddable":true,"href":"http:\/\/www.radiodigitaltamazunchale.com\/landing\/wp-json\/wp\/v2\/categories?post=36314"},{"taxonomy":"post_tag","embeddable":true,"href":"http:\/\/www.radiodigitaltamazunchale.com\/landing\/wp-json\/wp\/v2\/tags?post=36314"}],"curies":[{"name":"wp","href":"https:\/\/api.w.org\/{rel}","templated":true}]}}