{"id":36335,"date":"2020-07-20T08:18:06","date_gmt":"2020-07-20T14:18:06","guid":{"rendered":"http:\/\/www.radiodigitaltamazunchale.com\/landing\/?p=36335"},"modified":"2020-07-20T08:18:08","modified_gmt":"2020-07-20T14:18:08","slug":"pandemia-por-covid-19-podria-ser-controlada-si-todos-usan-cubrebocas","status":"publish","type":"post","link":"http:\/\/www.radiodigitaltamazunchale.com\/landing\/uncategorized\/pandemia-por-covid-19-podria-ser-controlada-si-todos-usan-cubrebocas\/","title":{"rendered":"PANDEMIA POR COVID-19 PODR\u00cdA SER CONTROLADA SI TODOS USAN CUBREBOCAS"},"content":{"rendered":"\n<p>Si todo mundo usara mascarilla ahora mismo la pandemia de Covid-19 podr\u00eda ser controlada \u201cen las pr\u00f3ximas cuatro, seis u ocho semanas\u201d, afirm\u00f3 Robert R. Redfield, director de los Centros para el Control y la Prevenci\u00f3n de Enfermedades de EU (CDC, por sus siglas en ingl\u00e9s).<\/p>\n\n\n\n<p>En una entrevista con Journal of the American Medical Association, el experto dijo que los cubrebocas de tela son una de las armas m\u00e1s poderosas que se tienen para frenar y detener la propagaci\u00f3n del virus especialmente cuando se utilizan en el entorno comunitario.<\/p>\n\n\n\n<p>\u00abNo estamos indefensos contra el Covid-19\u00bb, asegur\u00f3.<\/p>\n\n\n\n<p>Redfield, expuso que llevar mascarilla \u00abno es un asunto pol\u00edtico\u00bb, sino \u00abun asunto de salud p\u00fablica\u201d y una responsabilidad personal para todos.<\/p>\n\n\n\n<p>El director de los CDC&nbsp; refiri\u00f3 que un estudio reciente mostr\u00f3 que las mascarillas ayudan a reducir la propagaci\u00f3n.<\/p>\n\n\n\n<p>Seg\u00fan los investigadores despu\u00e9s de implementar el uso obligatorio de la&nbsp; mascarilla junto con la detecci\u00f3n rutinaria de s\u00edntomas y pruebas de diagn\u00f3stico, entre 75 mil trabajadores de la salud del estado de Massachusetts la transmisi\u00f3n del virus se redujo<\/p>\n\n\n\n<p>FUENTE; EXCELSIOR.com.mx<\/p>\n","protected":false},"excerpt":{"rendered":"<p>Si todo mundo usara mascarilla ahora mismo la pandemia de Covid-19 podr\u00eda ser controlada \u201cen las pr\u00f3ximas cuatro, seis u<\/p>\n","protected":false},"author":1,"featured_media":36336,"comment_status":"open","ping_status":"open","sticky":false,"template":"","format":"standard","meta":[],"categories":[1],"tags":[],"_links":{"self":[{"href":"http:\/\/www.radiodigitaltamazunchale.com\/landing\/wp-json\/wp\/v2\/posts\/36335"}],"collection":[{"href":"http:\/\/www.radiodigitaltamazunchale.com\/landing\/wp-json\/wp\/v2\/posts"}],"about":[{"href":"http:\/\/www.radiodigitaltamazunchale.com\/landing\/wp-json\/wp\/v2\/types\/post"}],"author":[{"embeddable":true,"href":"http:\/\/www.radiodigitaltamazunchale.com\/landing\/wp-json\/wp\/v2\/users\/1"}],"replies":[{"embeddable":true,"href":"http:\/\/www.radiodigitaltamazunchale.com\/landing\/wp-json\/wp\/v2\/comments?post=36335"}],"version-history":[{"count":1,"href":"http:\/\/www.radiodigitaltamazunchale.com\/landing\/wp-json\/wp\/v2\/posts\/36335\/revisions"}],"predecessor-version":[{"id":36337,"href":"http:\/\/www.radiodigitaltamazunchale.com\/landing\/wp-json\/wp\/v2\/posts\/36335\/revisions\/36337"}],"wp:featuredmedia":[{"embeddable":true,"href":"http:\/\/www.radiodigitaltamazunchale.com\/landing\/wp-json\/wp\/v2\/media\/36336"}],"wp:attachment":[{"href":"http:\/\/www.radiodigitaltamazunchale.com\/landing\/wp-json\/wp\/v2\/media?parent=36335"}],"wp:term":[{"taxonomy":"category","embeddable":true,"href":"http:\/\/www.radiodigitaltamazunchale.com\/landing\/wp-json\/wp\/v2\/categories?post=36335"},{"taxonomy":"post_tag","embeddable":true,"href":"http:\/\/www.radiodigitaltamazunchale.com\/landing\/wp-json\/wp\/v2\/tags?post=36335"}],"curies":[{"name":"wp","href":"https:\/\/api.w.org\/{rel}","templated":true}]}}