{"id":36379,"date":"2020-07-18T17:54:00","date_gmt":"2020-07-18T23:54:00","guid":{"rendered":"http:\/\/www.radiodigitaltamazunchale.com\/landing\/?p=36379"},"modified":"2020-07-20T17:56:07","modified_gmt":"2020-07-20T23:56:07","slug":"impulsan-modificaciones-para-nombramiento-y-ratificacion-de-magistrados","status":"publish","type":"post","link":"http:\/\/www.radiodigitaltamazunchale.com\/landing\/uncategorized\/impulsan-modificaciones-para-nombramiento-y-ratificacion-de-magistrados\/","title":{"rendered":"IMPULSAN MODIFICACIONES PARA NOMBRAMIENTO Y RATIFICACI\u00d3N DE MAGISTRADOS."},"content":{"rendered":"\n<p><strong>DIP. OSCAR VERA F\u00c1BREGAT PRESENT\u00d3 INICIATIVA PARA MODIFICAR LA LEY ORG\u00c1NICA DEL PODER LEGISLATIVO Y LA LEY ORG\u00c1NICA DEL PODER JUDICIAL DEL ESTADO.<\/strong><\/p>\n\n\n\n<p>El diputado Oscar Vera F\u00e1bregat, present\u00f3 una iniciativa que modifica el art\u00edculo 17 en su fracci\u00f3n I, de la Ley Org\u00e1nica del Poder Legislativo y el art\u00edculo 8\u00b0, de la Ley Org\u00e1nica del Poder Judicial del Estado, con el objetivo de modificar el procedimiento en los nombramientos y ratificaci\u00f3n de los magistrados numerarios y supernumerarios del Supremo Tribunal de Justicia del Estado.<\/p>\n\n\n\n<p>En su exposici\u00f3n de motivos explic\u00f3 que a trav\u00e9s de la reforma se pretende establecer un procedimiento id\u00f3neo, que permita otorgar certeza y legalidad jur\u00eddica, pues en la actualidad en nuestro pa\u00eds, se requiere del establecimiento de medidas y normas, que permitan a la ciudadan\u00eda, tener la confianza en las instituciones y los Poderes del Estado.<\/p>\n\n\n\n<p>Vera Fabregat dijo que, realizar las adecuaciones pertinentes en relaci\u00f3n a la elecci\u00f3n de los Magistrados del Supremo Tribunal de Justicia del Estado, permitir\u00e1 que el Poder legislativo pueda tambi\u00e9n proponer ternas para ocupar dichos cargos y con ello garantizar la plenitud del principio de la divisi\u00f3n de Poderes y la independencia judicial.<\/p>\n\n\n\n<p>Recalc\u00f3 que tambi\u00e9n se busca fortalecer la autonom\u00eda y las facultades de decisi\u00f3n del Poder Judicial, garantizando un procedimiento que permita la elecci\u00f3n de los mejores perfiles para ocupar tan importantes cargos dentro del Poder Judicial del Estado, por lo que se pretende que sea una facultad compartida en igualdad de condiciones y circunstancias, entre el Poder Ejecutivo y el Legislativo, como garantes del sistema de pesos y contrapesos.<\/p>\n\n\n\n<p>La propuesta determina que, los procedimientos para la elecci\u00f3n y ratificaci\u00f3n ser\u00e1n los siguientes: a) Para la elecci\u00f3n de las diecis\u00e9is magistraturas numerarias y las quince magistraturas supernumerarias, el Congreso del Estado y el Gobernador constitucional, propondr\u00e1n ternas de manera alternada, respecto del n\u00famero de cargos por cubrir, y ser\u00e1n electos por el voto de cuando menos las dos terceras partes de los diputados presentes del Congreso, la Legislatura har\u00e1 la elecci\u00f3n respectiva en el t\u00e9rmino de treinta d\u00edas.<\/p>\n\n\n\n<p>La iniciativa fue turnada a comisiones para su estudio y posteriormente ser votada en el pleno del Congreso del Estado.<\/p>\n","protected":false},"excerpt":{"rendered":"<p>DIP. OSCAR VERA F\u00c1BREGAT PRESENT\u00d3 INICIATIVA PARA MODIFICAR LA LEY ORG\u00c1NICA DEL PODER LEGISLATIVO Y LA LEY ORG\u00c1NICA DEL PODER<\/p>\n","protected":false},"author":1,"featured_media":36380,"comment_status":"open","ping_status":"open","sticky":false,"template":"","format":"standard","meta":[],"categories":[1],"tags":[],"_links":{"self":[{"href":"http:\/\/www.radiodigitaltamazunchale.com\/landing\/wp-json\/wp\/v2\/posts\/36379"}],"collection":[{"href":"http:\/\/www.radiodigitaltamazunchale.com\/landing\/wp-json\/wp\/v2\/posts"}],"about":[{"href":"http:\/\/www.radiodigitaltamazunchale.com\/landing\/wp-json\/wp\/v2\/types\/post"}],"author":[{"embeddable":true,"href":"http:\/\/www.radiodigitaltamazunchale.com\/landing\/wp-json\/wp\/v2\/users\/1"}],"replies":[{"embeddable":true,"href":"http:\/\/www.radiodigitaltamazunchale.com\/landing\/wp-json\/wp\/v2\/comments?post=36379"}],"version-history":[{"count":1,"href":"http:\/\/www.radiodigitaltamazunchale.com\/landing\/wp-json\/wp\/v2\/posts\/36379\/revisions"}],"predecessor-version":[{"id":36381,"href":"http:\/\/www.radiodigitaltamazunchale.com\/landing\/wp-json\/wp\/v2\/posts\/36379\/revisions\/36381"}],"wp:featuredmedia":[{"embeddable":true,"href":"http:\/\/www.radiodigitaltamazunchale.com\/landing\/wp-json\/wp\/v2\/media\/36380"}],"wp:attachment":[{"href":"http:\/\/www.radiodigitaltamazunchale.com\/landing\/wp-json\/wp\/v2\/media?parent=36379"}],"wp:term":[{"taxonomy":"category","embeddable":true,"href":"http:\/\/www.radiodigitaltamazunchale.com\/landing\/wp-json\/wp\/v2\/categories?post=36379"},{"taxonomy":"post_tag","embeddable":true,"href":"http:\/\/www.radiodigitaltamazunchale.com\/landing\/wp-json\/wp\/v2\/tags?post=36379"}],"curies":[{"name":"wp","href":"https:\/\/api.w.org\/{rel}","templated":true}]}}