{"id":36400,"date":"2020-07-21T07:24:41","date_gmt":"2020-07-21T13:24:41","guid":{"rendered":"http:\/\/www.radiodigitaltamazunchale.com\/landing\/?p=36400"},"modified":"2020-07-21T07:24:43","modified_gmt":"2020-07-21T13:24:43","slug":"se-fortalecen-medidas-de-prevencion-en-cas-e-institutos-de-dif-estatal","status":"publish","type":"post","link":"http:\/\/www.radiodigitaltamazunchale.com\/landing\/uncategorized\/se-fortalecen-medidas-de-prevencion-en-cas-e-institutos-de-dif-estatal\/","title":{"rendered":"SE FORTALECEN MEDIDAS DE PREVENCI\u00d3N EN CAS E INSTITUTOS DE DIF ESTATAL"},"content":{"rendered":"\n<ul><li><strong>Existen restricciones en visitas y actividades sociales.<\/strong><\/li><\/ul>\n\n\n\n<p>Para resguardar la salud de ni\u00f1as, ni\u00f1os, personas con discapacidad, adultos mayores, colaboradoras y colaboradores de los Centros de Asistencia Social (CAS) e Institutos del Sistema Estatal para el Desarrollo Integral de la Familia (DIF), la dependencia inform\u00f3 que se han reforzado las medidas preventivas para evitar contagios de Covid-19.<\/p>\n\n\n\n<p>Se fortalecieron los protocolos ya establecidos en su cuidado y las medidas preventivas como el uso de filtros de acceso para detectar cualquier s\u00edntoma, medidas de higiene, el uso de cubrebocas y la sana distancia. Las visitas y actividades sociales y de entretenimiento, se suspenden hasta que no representen riesgo alguno para este sector de la poblaci\u00f3n.<\/p>\n\n\n\n<p><br>En el caso de la alimentaci\u00f3n de los CAS y el Institutos Geri\u00e1trico Nicol\u00e1s Aguilar y Temazcalli, se toman las medidas de higiene y salubridad recomendadas por los Servicios de Salud en el Estado, revisando constantemente los filtros de desinfecci\u00f3n, las \u00e1reas de preparaci\u00f3n y al personal que cocina para garantizar la seguridad e higiene de las comidas.<\/p>\n\n\n\n<p>El cuidado de ni\u00f1as, ni\u00f1os, personas con discapacidad y adultos mayores, son prioridad para el Gobernador del Estado, Juan Manuel Carreras L\u00f3pez y de la Presidenta de la Junta Directiva, Lorena Valle Rodr\u00edguez, agradecemos a las y los colaboradores de los CAS y de los Institutos por su atenci\u00f3n, uni\u00f3n, entrega, cari\u00f1o y vocaci\u00f3n.<\/p>\n\n\n\n<p>Invitamos a la poblaci\u00f3n a atender las indicaciones de las autoridades de salud, para cuidarse, proteger a las personas vulnerables, as\u00ed como propiciar la sana convivencia familiar en los hogares.<\/p>\n","protected":false},"excerpt":{"rendered":"<p>Existen restricciones en visitas y actividades sociales. Para resguardar la salud de ni\u00f1as, ni\u00f1os, personas con discapacidad, adultos mayores, colaboradoras<\/p>\n","protected":false},"author":2,"featured_media":36401,"comment_status":"open","ping_status":"open","sticky":false,"template":"","format":"standard","meta":[],"categories":[1],"tags":[],"_links":{"self":[{"href":"http:\/\/www.radiodigitaltamazunchale.com\/landing\/wp-json\/wp\/v2\/posts\/36400"}],"collection":[{"href":"http:\/\/www.radiodigitaltamazunchale.com\/landing\/wp-json\/wp\/v2\/posts"}],"about":[{"href":"http:\/\/www.radiodigitaltamazunchale.com\/landing\/wp-json\/wp\/v2\/types\/post"}],"author":[{"embeddable":true,"href":"http:\/\/www.radiodigitaltamazunchale.com\/landing\/wp-json\/wp\/v2\/users\/2"}],"replies":[{"embeddable":true,"href":"http:\/\/www.radiodigitaltamazunchale.com\/landing\/wp-json\/wp\/v2\/comments?post=36400"}],"version-history":[{"count":1,"href":"http:\/\/www.radiodigitaltamazunchale.com\/landing\/wp-json\/wp\/v2\/posts\/36400\/revisions"}],"predecessor-version":[{"id":36402,"href":"http:\/\/www.radiodigitaltamazunchale.com\/landing\/wp-json\/wp\/v2\/posts\/36400\/revisions\/36402"}],"wp:featuredmedia":[{"embeddable":true,"href":"http:\/\/www.radiodigitaltamazunchale.com\/landing\/wp-json\/wp\/v2\/media\/36401"}],"wp:attachment":[{"href":"http:\/\/www.radiodigitaltamazunchale.com\/landing\/wp-json\/wp\/v2\/media?parent=36400"}],"wp:term":[{"taxonomy":"category","embeddable":true,"href":"http:\/\/www.radiodigitaltamazunchale.com\/landing\/wp-json\/wp\/v2\/categories?post=36400"},{"taxonomy":"post_tag","embeddable":true,"href":"http:\/\/www.radiodigitaltamazunchale.com\/landing\/wp-json\/wp\/v2\/tags?post=36400"}],"curies":[{"name":"wp","href":"https:\/\/api.w.org\/{rel}","templated":true}]}}